{"id":4729,"date":"2026-01-21T11:19:39","date_gmt":"2026-01-21T11:19:39","guid":{"rendered":"https:\/\/www.musikboutiquehotel.com\/?p=4729"},"modified":"2026-04-25T19:57:50","modified_gmt":"2026-04-25T18:57:50","slug":"alle-werke-von-gaudi-in-barcelona","status":"publish","type":"post","link":"https:\/\/www.musikboutiquehotel.com\/de\/alle-werke-von-gaudi-in-barcelona\/","title":{"rendered":"Werke von Gaud\u00ed in Barcelona"},"content":{"rendered":"\t\t<div data-elementor-type=\"wp-post\" data-elementor-id=\"4729\" class=\"elementor elementor-4729 elementor-4610\" data-elementor-settings=\"[]\">\n\t\t\t\t\t\t\t<div class=\"elementor-section-wrap\">\n\t\t\t\t\t\t\t<section class=\"elementor-section elementor-top-section elementor-element elementor-element-fdc25d6 elementor-section-boxed elementor-section-height-default elementor-section-height-default\" data-id=\"fdc25d6\" data-element_type=\"section\">\n\t\t\t\t\t\t<div class=\"elementor-container elementor-column-gap-default\">\n\t\t\t\t\t<div class=\"elementor-column elementor-col-100 elementor-top-column elementor-element elementor-element-8666dbe\" data-id=\"8666dbe\" data-element_type=\"column\">\n\t\t\t<div class=\"elementor-widget-wrap elementor-element-populated\">\n\t\t\t\t\t\t\t\t<div class=\"elementor-element elementor-element-f4a50d1 elementor-widget elementor-widget-text-editor\" data-id=\"f4a50d1\" data-element_type=\"widget\" data-widget_type=\"text-editor.default\">\n\t\t\t\t<div class=\"elementor-widget-container\">\n\t\t\t\t\t\t\t\t<p><span style=\"font-weight: 400;\">Barcelona ist eine Stadt, die man mit allen Sinnen erlebt. Ihre Architektur, ihre kreative&nbsp; Energie und ihre mediterrane Identit&auml;t machen sie zu einem Reiseziel, das vom ersten Moment an inspiriert. Im <\/span><a href=\"https:\/\/www.musikboutiquehotel.com\/de\/\"><span style=\"font-weight: 400;\">Musik Boutique Hotel<\/span><\/a><span style=\"font-weight: 400;\"> sind wir &uuml;berzeugt, dass es beim Entdecken der Stadt um weit mehr geht als nur um den Besuch bekannter Sehensw&uuml;rdigkeiten. Deshalb wurde unser <\/span><a href=\"https:\/\/www.musikboutiquehotel.com\/de\/blog\/\"><span style=\"font-weight: 400;\">Barcelona-Guide<\/span><\/a><span style=\"font-weight: 400;\"> mit einem klaren Ziel entwickelt: Ihnen den Zugang zur kulturellen und k&uuml;nstlerischen Essenz der Stadt zu erleichtern. Wer diese kreative Seite weiter vertiefen m&ouml;chte, findet in unserem Guide zur <\/span><a href=\"https:\/\/www.musikboutiquehotel.com\/de\/outdoor-art-discover-barcelonas-urban-art\/\"><span style=\"font-weight: 400;\">Kunst im &ouml;ffentlichen Raum<\/span><\/a><span style=\"font-weight: 400;\"> eine erg&auml;nzende Perspektive auf den k&uuml;nstlerischen Ausdruck, der Barcelonas Stra&szlig;en pr&auml;gt.<\/span><\/p>\n<p><span style=\"font-weight: 400;\">Unter all den kreativen Ausdrucksformen, die Barcelona geformt haben, sind nur wenige so einflussreich und wiedererkennbar wie die <\/span><strong>Kunstwerke von Antoni Gaud&iacute;<\/strong><span style=\"font-weight: 400;\">. Sein Verm&auml;chtnis ver&auml;ndert nicht nur das Stadtbild, sondern l&auml;dt dazu ein, die Stadt mit anderen Augen zu betrachten und Architektur als emotionale Erfahrung zu verstehen. Und da sich jede kulturelle Entdeckung am besten mit lokaler Gastronomie verbinden l&auml;sst, empfehlen wir zudem unsere Auswahl der <\/span><a href=\"https:\/\/www.musikboutiquehotel.com\/de\/best-tapas-in-el-born-barcelona\/\"><span style=\"font-weight: 400;\">besten Tapas im Viertel El Born<\/span><\/a><span style=\"font-weight: 400;\"> &ndash; die perfekte Erg&auml;nzung nach einem Tag voller Entdeckungen. Von unserem Boutique-Hotel im Herzen Barcelonas aus schlagen wir eine sorgf&auml;ltig zusammengestellte Route vor, um sowohl die bekanntesten als auch die weniger bekannten Werke dieses Genies kennenzulernen.<\/span><\/p>\n<h2><strong>Ein architektonischer Spaziergang durch die Werke von Gaud&iacute;<\/strong><\/h2>\n<p><span style=\"font-weight: 400;\">&Uuml;ber Barcelona zu sprechen bedeutet unweigerlich, &uuml;ber <\/span><strong>Antoni Gaud&iacute;<\/strong><span style=\"font-weight: 400;\"> zu sprechen. Seine Vision durchbrach die traditionellen architektonischen Konventionen seiner Zeit und schuf eine eigene, organische und tief symbolische Formsprache. Inspiriert von Natur, Spiritualit&auml;t und Handwerkskunst entwarf Gaud&iacute; Geb&auml;ude, die heute fester Bestandteil des kollektiven Stadtbildes sind.<\/span><\/p>\n<p><span style=\"font-weight: 400;\">Die von <\/span><strong>Antoni Gaud&iacute; entworfenen Strukturen<\/strong><span style=\"font-weight: 400;\"> sind nicht auf statische Monumente beschr&auml;nkt. Es sind lebendige R&auml;ume, die dazu gedacht sind, begangen, betrachtet und erlebt zu werden. Jede Fassade, jedes Mosaik und jedes konstruktive Detail folgt einer &auml;sthetischen wie auch funktionalen Intention. In diesem Guide vereinen wir all seine Werke in Barcelona &ndash; von den monumentalsten bis hin zu jenen urbanen Eingriffen, die oft &uuml;bersehen werden, aber sein kreatives Universum vervollst&auml;ndigen.<\/span><\/p>\n<h3><span style=\"font-weight: 400;\">La Sagrada Fam&iacute;lia<\/span><\/h3>\n<p><span style=\"font-weight: 400;\">Die Sagrada Fam&iacute;lia ist das ikonischste Werk von <\/span><strong>Antoni Gaud&iacute;<\/strong><span style=\"font-weight: 400;\"> und das architektonische Symbol Barcelonas. Dieser S&uuml;hnetempel, der noch immer im Bau ist, stellt den H&ouml;hepunkt seines k&uuml;nstlerischen und spirituellen Denkens dar. Jede der Fassaden erz&auml;hlt eine andere Episode aus dem Leben Christi und verbindet Skulptur, Architektur und religi&ouml;se Symbolik. F&uuml;r Familien l&auml;sst sich der Besuch problemlos in einen gr&ouml;&szlig;eren Reiseplan integrieren, wie wir ihn in unserem Artikel &uuml;ber <\/span><a href=\"https:\/\/www.musikboutiquehotel.com\/de\/barcelona-with-kids-plans-for-the-whole-family\/\"><span style=\"font-weight: 400;\">Barcelona mit Kindern<\/span><\/a><span style=\"font-weight: 400;\"> vorschlagen.<\/span><\/p>\n<p><span style=\"font-weight: 400;\">&Uuml;ber ihre Monumentalit&auml;t hinaus ist die Sagrada Fam&iacute;lia eines der <\/span><strong>Kunstwerke von Antoni Gaud&iacute;<\/strong><span style=\"font-weight: 400;\">, das seine Faszination f&uuml;r Licht und nat&uuml;rliche Geometrie besonders eindrucksvoll widerspiegelt. Der Innenraum beeindruckt durch seine Vertikalit&auml;t und durch das farbige Licht, das durch die Glasfenster f&auml;llt und eine beinahe mystische Atmosph&auml;re schafft, die sich im Laufe des Tages st&auml;ndig ver&auml;ndert.<\/span><\/p>\t\t\t\t\t\t<\/div>\n\t\t\t\t<\/div>\n\t\t\t\t\t<\/div>\n\t\t<\/div>\n\t\t\t\t\t\t\t<\/div>\n\t\t<\/section>\n\t\t\t\t<section class=\"elementor-section elementor-top-section elementor-element elementor-element-0ff29df elementor-section-boxed elementor-section-height-default elementor-section-height-default\" data-id=\"0ff29df\" data-element_type=\"section\">\n\t\t\t\t\t\t<div class=\"elementor-container elementor-column-gap-default\">\n\t\t\t\t\t<div class=\"elementor-column elementor-col-100 elementor-top-column elementor-element elementor-element-5110d6a\" data-id=\"5110d6a\" data-element_type=\"column\">\n\t\t\t<div class=\"elementor-widget-wrap elementor-element-populated\">\n\t\t\t\t\t\t\t\t<div class=\"elementor-element elementor-element-0736005 elementor-widget elementor-widget-image\" data-id=\"0736005\" data-element_type=\"widget\" data-widget_type=\"image.default\">\n\t\t\t\t<div class=\"elementor-widget-container\">\n\t\t\t\t\t\t\t\t\t\t\t\t\t\t\t<img loading=\"lazy\" decoding=\"async\" width=\"850\" height=\"567\" src=\"https:\/\/www.musikboutiquehotel.com\/wp-content\/uploads\/2026\/01\/woman-sitting-and-watching-to-gaudi-s-masterpiece-2026-01-05-00-08-23-utc-1024x683.jpg\" class=\"attachment-large size-large\" alt=\"Todas las obras de Gaud\u00ed en Barcelona\" srcset=\"https:\/\/www.musikboutiquehotel.com\/wp-content\/uploads\/2026\/01\/woman-sitting-and-watching-to-gaudi-s-masterpiece-2026-01-05-00-08-23-utc-1024x683.jpg 1024w, https:\/\/www.musikboutiquehotel.com\/wp-content\/uploads\/2026\/01\/woman-sitting-and-watching-to-gaudi-s-masterpiece-2026-01-05-00-08-23-utc-300x200.jpg 300w, https:\/\/www.musikboutiquehotel.com\/wp-content\/uploads\/2026\/01\/woman-sitting-and-watching-to-gaudi-s-masterpiece-2026-01-05-00-08-23-utc-768x512.jpg 768w, https:\/\/www.musikboutiquehotel.com\/wp-content\/uploads\/2026\/01\/woman-sitting-and-watching-to-gaudi-s-masterpiece-2026-01-05-00-08-23-utc-1536x1024.jpg 1536w\" sizes=\"auto, (max-width: 850px) 100vw, 850px\" \/>\t\t\t\t\t\t\t\t\t\t\t\t\t\t\t<\/div>\n\t\t\t\t<\/div>\n\t\t\t\t\t<\/div>\n\t\t<\/div>\n\t\t\t\t\t\t\t<\/div>\n\t\t<\/section>\n\t\t\t\t<section class=\"elementor-section elementor-top-section elementor-element elementor-element-183e338 elementor-section-boxed elementor-section-height-default elementor-section-height-default\" data-id=\"183e338\" data-element_type=\"section\">\n\t\t\t\t\t\t<div class=\"elementor-container elementor-column-gap-default\">\n\t\t\t\t\t<div class=\"elementor-column elementor-col-100 elementor-top-column elementor-element elementor-element-f15ae76\" data-id=\"f15ae76\" data-element_type=\"column\">\n\t\t\t<div class=\"elementor-widget-wrap elementor-element-populated\">\n\t\t\t\t\t\t\t\t<div class=\"elementor-element elementor-element-da2139a elementor-widget elementor-widget-text-editor\" data-id=\"da2139a\" data-element_type=\"widget\" data-widget_type=\"text-editor.default\">\n\t\t\t\t<div class=\"elementor-widget-container\">\n\t\t\t\t\t\t\t\t<h3><span style=\"font-weight: 400;\">Park G&uuml;ell<\/span><\/h3>\n<p><span style=\"font-weight: 400;\">Der Park G&uuml;ell geh&ouml;rt zu den bekanntesten und meistbesuchten Sch&ouml;pfungen der Stadt. Urspr&uuml;nglich als private Wohnsiedlung konzipiert, entwickelte er sich schlie&szlig;lich zu einem &ouml;ffentlichen Raum, in dem Architektur und Landschaft auf meisterhafte Weise verschmelzen. Hier lotete <\/span><strong>Antoni Gaud&iacute;<\/strong><span style=\"font-weight: 400;\"> seine Verbindung zur Natur konsequent aus und integrierte architektonische Strukturen in die nat&uuml;rliche Umgebung.<\/span><\/p>\n<p><span style=\"font-weight: 400;\">Die ber&uuml;hmte geschwungene Bank, die Trencad&iacute;s-Mosaike und die S&auml;ulen, die an Baumst&auml;mme erinnern, machen diesen Park zu einer der fotogensten und repr&auml;sentativsten Strukturen, die von <\/span><strong>Antoni Gaud&iacute;<\/strong><span style=\"font-weight: 400;\"> entworfen wurden. Ein Besuch zeigt, wie Kunst mit der Landschaft in Dialog treten kann, ohne sich ihr aufzudr&auml;ngen.<\/span><\/p>\t\t\t\t\t\t<\/div>\n\t\t\t\t<\/div>\n\t\t\t\t\t<\/div>\n\t\t<\/div>\n\t\t\t\t\t\t\t<\/div>\n\t\t<\/section>\n\t\t\t\t<section class=\"elementor-section elementor-top-section elementor-element elementor-element-60cff80 elementor-section-boxed elementor-section-height-default elementor-section-height-default\" data-id=\"60cff80\" data-element_type=\"section\">\n\t\t\t\t\t\t<div class=\"elementor-container elementor-column-gap-default\">\n\t\t\t\t\t<div class=\"elementor-column elementor-col-100 elementor-top-column elementor-element elementor-element-435d6cb\" data-id=\"435d6cb\" data-element_type=\"column\">\n\t\t\t<div class=\"elementor-widget-wrap elementor-element-populated\">\n\t\t\t\t\t\t\t\t<div class=\"elementor-element elementor-element-f429a9a elementor-widget elementor-widget-image\" data-id=\"f429a9a\" data-element_type=\"widget\" data-widget_type=\"image.default\">\n\t\t\t\t<div class=\"elementor-widget-container\">\n\t\t\t\t\t\t\t\t\t\t\t\t\t\t\t<img loading=\"lazy\" decoding=\"async\" width=\"850\" height=\"567\" src=\"https:\/\/www.musikboutiquehotel.com\/wp-content\/uploads\/2026\/01\/woman-traveling-in-barcelona-2026-01-09-00-50-35-utc-1024x683.jpg\" class=\"attachment-large size-large\" alt=\"Todas las obras de Gaud\u00ed en Barcelona\" srcset=\"https:\/\/www.musikboutiquehotel.com\/wp-content\/uploads\/2026\/01\/woman-traveling-in-barcelona-2026-01-09-00-50-35-utc-1024x683.jpg 1024w, https:\/\/www.musikboutiquehotel.com\/wp-content\/uploads\/2026\/01\/woman-traveling-in-barcelona-2026-01-09-00-50-35-utc-300x200.jpg 300w, https:\/\/www.musikboutiquehotel.com\/wp-content\/uploads\/2026\/01\/woman-traveling-in-barcelona-2026-01-09-00-50-35-utc-768x513.jpg 768w, https:\/\/www.musikboutiquehotel.com\/wp-content\/uploads\/2026\/01\/woman-traveling-in-barcelona-2026-01-09-00-50-35-utc-1536x1025.jpg 1536w, https:\/\/www.musikboutiquehotel.com\/wp-content\/uploads\/2026\/01\/woman-traveling-in-barcelona-2026-01-09-00-50-35-utc-2048x1367.jpg 2048w, https:\/\/www.musikboutiquehotel.com\/wp-content\/uploads\/2026\/01\/woman-traveling-in-barcelona-2026-01-09-00-50-35-utc-615x410.jpg 615w\" sizes=\"auto, (max-width: 850px) 100vw, 850px\" \/>\t\t\t\t\t\t\t\t\t\t\t\t\t\t\t<\/div>\n\t\t\t\t<\/div>\n\t\t\t\t\t<\/div>\n\t\t<\/div>\n\t\t\t\t\t\t\t<\/div>\n\t\t<\/section>\n\t\t\t\t<section class=\"elementor-section elementor-top-section elementor-element elementor-element-6290756 elementor-section-boxed elementor-section-height-default elementor-section-height-default\" data-id=\"6290756\" data-element_type=\"section\">\n\t\t\t\t\t\t<div class=\"elementor-container elementor-column-gap-default\">\n\t\t\t\t\t<div class=\"elementor-column elementor-col-100 elementor-top-column elementor-element elementor-element-f9692ba\" data-id=\"f9692ba\" data-element_type=\"column\">\n\t\t\t<div class=\"elementor-widget-wrap elementor-element-populated\">\n\t\t\t\t\t\t\t\t<div class=\"elementor-element elementor-element-2f6a1b0 elementor-widget elementor-widget-text-editor\" data-id=\"2f6a1b0\" data-element_type=\"widget\" data-widget_type=\"text-editor.default\">\n\t\t\t\t<div class=\"elementor-widget-container\">\n\t\t\t\t\t\t\t\t<h3><span style=\"font-weight: 400;\">Casa Batll&oacute;<\/span><\/h3>\n<p><span style=\"font-weight: 400;\">An der Passeig de Gr&agrave;cia gelegen, ist die Casa Batll&oacute; eines der <\/span><strong>Kunstwerke von Antoni Gaud&iacute;<\/strong><span style=\"font-weight: 400;\">, das seine fantasievollste Seite besonders deutlich zeigt. Die Fassade mit ihren wellenf&ouml;rmigen Linien und wechselnden Farben erinnert an die Bewegung des Meeres und an die Haut eines fantastischen Wesens. Nichts an diesem Geb&auml;ude ist dem Zufall &uuml;berlassen.<\/span><\/p>\n<p><span style=\"font-weight: 400;\">Im Inneren gestaltete <\/span><strong>Antoni Gaud&iacute;<\/strong><span style=\"font-weight: 400;\"> jedes Element mit Blick auf Funktionalit&auml;t und &Auml;sthetik. Nat&uuml;rliche Bel&uuml;ftung, der gezielte Lichteinfall und die Verwendung edler Materialien machen den Besuch zu einem ganzheitlichen, sinnlichen Erlebnis. Die Casa Batll&oacute; ist ein perfektes Beispiel daf&uuml;r, wie die von <\/span><strong>Antoni Gaud&iacute; entworfenen Strukturen<\/strong><span style=\"font-weight: 400;\"> Sch&ouml;nheit und Effizienz verbinden.<\/span><\/p>\t\t\t\t\t\t<\/div>\n\t\t\t\t<\/div>\n\t\t\t\t\t<\/div>\n\t\t<\/div>\n\t\t\t\t\t\t\t<\/div>\n\t\t<\/section>\n\t\t\t\t<section class=\"elementor-section elementor-top-section elementor-element elementor-element-8de6667 elementor-section-boxed elementor-section-height-default elementor-section-height-default\" data-id=\"8de6667\" data-element_type=\"section\">\n\t\t\t\t\t\t<div class=\"elementor-container elementor-column-gap-default\">\n\t\t\t\t\t<div class=\"elementor-column elementor-col-100 elementor-top-column elementor-element elementor-element-f2c7163\" data-id=\"f2c7163\" data-element_type=\"column\">\n\t\t\t<div class=\"elementor-widget-wrap elementor-element-populated\">\n\t\t\t\t\t\t\t\t<div class=\"elementor-element elementor-element-a5b091b elementor-widget elementor-widget-image\" data-id=\"a5b091b\" data-element_type=\"widget\" data-widget_type=\"image.default\">\n\t\t\t\t<div class=\"elementor-widget-container\">\n\t\t\t\t\t\t\t\t\t\t\t\t\t\t\t<img loading=\"lazy\" decoding=\"async\" width=\"850\" height=\"933\" src=\"https:\/\/www.musikboutiquehotel.com\/wp-content\/uploads\/2026\/01\/casa-batllo-2026-01-08-06-47-38-utc-933x1024.jpg\" class=\"attachment-large size-large\" alt=\"Todas las obras de Gaud\u00ed en Barcelona\" srcset=\"https:\/\/www.musikboutiquehotel.com\/wp-content\/uploads\/2026\/01\/casa-batllo-2026-01-08-06-47-38-utc-933x1024.jpg 933w, https:\/\/www.musikboutiquehotel.com\/wp-content\/uploads\/2026\/01\/casa-batllo-2026-01-08-06-47-38-utc-273x300.jpg 273w, https:\/\/www.musikboutiquehotel.com\/wp-content\/uploads\/2026\/01\/casa-batllo-2026-01-08-06-47-38-utc-768x843.jpg 768w, https:\/\/www.musikboutiquehotel.com\/wp-content\/uploads\/2026\/01\/casa-batllo-2026-01-08-06-47-38-utc-1399x1536.jpg 1399w, https:\/\/www.musikboutiquehotel.com\/wp-content\/uploads\/2026\/01\/casa-batllo-2026-01-08-06-47-38-utc-1866x2048.jpg 1866w, https:\/\/www.musikboutiquehotel.com\/wp-content\/uploads\/2026\/01\/casa-batllo-2026-01-08-06-47-38-utc-615x675.jpg 615w\" sizes=\"auto, (max-width: 850px) 100vw, 850px\" \/>\t\t\t\t\t\t\t\t\t\t\t\t\t\t\t<\/div>\n\t\t\t\t<\/div>\n\t\t\t\t\t<\/div>\n\t\t<\/div>\n\t\t\t\t\t\t\t<\/div>\n\t\t<\/section>\n\t\t\t\t<section class=\"elementor-section elementor-top-section elementor-element elementor-element-dfd6aa8 elementor-section-boxed elementor-section-height-default elementor-section-height-default\" data-id=\"dfd6aa8\" data-element_type=\"section\">\n\t\t\t\t\t\t<div class=\"elementor-container elementor-column-gap-default\">\n\t\t\t\t\t<div class=\"elementor-column elementor-col-100 elementor-top-column elementor-element elementor-element-fc57df7\" data-id=\"fc57df7\" data-element_type=\"column\">\n\t\t\t<div class=\"elementor-widget-wrap elementor-element-populated\">\n\t\t\t\t\t\t\t\t<div class=\"elementor-element elementor-element-a4308b0 elementor-widget elementor-widget-text-editor\" data-id=\"a4308b0\" data-element_type=\"widget\" data-widget_type=\"text-editor.default\">\n\t\t\t\t<div class=\"elementor-widget-container\">\n\t\t\t\t\t\t\t\t<h3><span style=\"font-weight: 400;\">Casa Mil&agrave; (La Pedrera)<\/span><\/h3>\n<p><span style=\"font-weight: 400;\">Die Casa Mil&agrave;, im Volksmund La Pedrera genannt, sprengt jede g&auml;ngige Vorstellung eines Wohngeb&auml;udes. Ihre wellenf&ouml;rmige Steinfassade wirkt, als sei sie vom Wind geformt, w&auml;hrend sich auf dem Dach Schornsteine befinden, die zu echten urbanen Skulpturen geworden sind.<\/span><\/p>\n<p><span style=\"font-weight: 400;\">Dieses Werk markiert einen Reifepunkt in der Laufbahn von <\/span><strong>Antoni Gaud&iacute;<\/strong><span style=\"font-weight: 400;\">. Hier zeigen sich seine Kunstwerke in innovativen konstruktiven L&ouml;sungen, etwa durch das Fehlen tragender W&auml;nde, das eine flexible Gestaltung der Innenr&auml;ume erm&ouml;glichte &ndash; f&uuml;r die damalige Zeit eine revolution&auml;re Idee.<\/span><\/p>\t\t\t\t\t\t<\/div>\n\t\t\t\t<\/div>\n\t\t\t\t\t<\/div>\n\t\t<\/div>\n\t\t\t\t\t\t\t<\/div>\n\t\t<\/section>\n\t\t\t\t<section class=\"elementor-section elementor-top-section elementor-element elementor-element-df6e58e elementor-section-boxed elementor-section-height-default elementor-section-height-default\" data-id=\"df6e58e\" data-element_type=\"section\">\n\t\t\t\t\t\t<div class=\"elementor-container elementor-column-gap-default\">\n\t\t\t\t\t<div class=\"elementor-column elementor-col-100 elementor-top-column elementor-element elementor-element-5aef92c\" data-id=\"5aef92c\" data-element_type=\"column\">\n\t\t\t<div class=\"elementor-widget-wrap elementor-element-populated\">\n\t\t\t\t\t\t\t\t<div class=\"elementor-element elementor-element-d13c7ca elementor-widget elementor-widget-image\" data-id=\"d13c7ca\" data-element_type=\"widget\" data-widget_type=\"image.default\">\n\t\t\t\t<div class=\"elementor-widget-container\">\n\t\t\t\t\t\t\t\t\t\t\t\t\t\t\t<img loading=\"lazy\" decoding=\"async\" width=\"850\" height=\"567\" src=\"https:\/\/www.musikboutiquehotel.com\/wp-content\/uploads\/2026\/01\/barcelona-spain-la-pedrera-2026-01-07-00-14-37-utc-1024x683.jpg\" class=\"attachment-large size-large\" alt=\"Todas las obras de Gaud\u00ed en Barcelona\" srcset=\"https:\/\/www.musikboutiquehotel.com\/wp-content\/uploads\/2026\/01\/barcelona-spain-la-pedrera-2026-01-07-00-14-37-utc-1024x683.jpg 1024w, https:\/\/www.musikboutiquehotel.com\/wp-content\/uploads\/2026\/01\/barcelona-spain-la-pedrera-2026-01-07-00-14-37-utc-300x200.jpg 300w, https:\/\/www.musikboutiquehotel.com\/wp-content\/uploads\/2026\/01\/barcelona-spain-la-pedrera-2026-01-07-00-14-37-utc-768x513.jpg 768w, https:\/\/www.musikboutiquehotel.com\/wp-content\/uploads\/2026\/01\/barcelona-spain-la-pedrera-2026-01-07-00-14-37-utc-1536x1025.jpg 1536w, https:\/\/www.musikboutiquehotel.com\/wp-content\/uploads\/2026\/01\/barcelona-spain-la-pedrera-2026-01-07-00-14-37-utc-2048x1367.jpg 2048w, https:\/\/www.musikboutiquehotel.com\/wp-content\/uploads\/2026\/01\/barcelona-spain-la-pedrera-2026-01-07-00-14-37-utc-615x410.jpg 615w\" sizes=\"auto, (max-width: 850px) 100vw, 850px\" \/>\t\t\t\t\t\t\t\t\t\t\t\t\t\t\t<\/div>\n\t\t\t\t<\/div>\n\t\t\t\t\t<\/div>\n\t\t<\/div>\n\t\t\t\t\t\t\t<\/div>\n\t\t<\/section>\n\t\t\t\t<section class=\"elementor-section elementor-top-section elementor-element elementor-element-21b7f52 elementor-section-boxed elementor-section-height-default elementor-section-height-default\" data-id=\"21b7f52\" data-element_type=\"section\">\n\t\t\t\t\t\t<div class=\"elementor-container elementor-column-gap-default\">\n\t\t\t\t\t<div class=\"elementor-column elementor-col-100 elementor-top-column elementor-element elementor-element-8c305da\" data-id=\"8c305da\" data-element_type=\"column\">\n\t\t\t<div class=\"elementor-widget-wrap elementor-element-populated\">\n\t\t\t\t\t\t\t\t<div class=\"elementor-element elementor-element-d9d27ee elementor-widget elementor-widget-text-editor\" data-id=\"d9d27ee\" data-element_type=\"widget\" data-widget_type=\"text-editor.default\">\n\t\t\t\t<div class=\"elementor-widget-container\">\n\t\t\t\t\t\t\t\t<h3><span style=\"font-weight: 400;\">Palau G&uuml;ell<\/span><\/h3>\n<p><span style=\"font-weight: 400;\">Der Palau G&uuml;ell war einer der ersten gro&szlig;en Auftr&auml;ge von <\/span><strong>Antoni Gaud&iacute;<\/strong><span style=\"font-weight: 400;\"> und ein klares Beispiel f&uuml;r seine F&auml;higkeit, in kompakteren urbanen R&auml;umen zu arbeiten. In der N&auml;he der Las Ramblas gelegen, zeichnet sich dieser Stadtpalast durch seine zur&uuml;ckhaltende Au&szlig;enwirkung und den Reichtum seines Inneren aus.<\/span><\/p>\n<p><span style=\"font-weight: 400;\">In ihm sind bereits viele Elemente erkennbar, die sp&auml;tere <\/span><strong>von Antoni Gaud&iacute; entworfene Strukturen<\/strong><span style=\"font-weight: 400;\"> pr&auml;gen sollten: der Einsatz von Schmiedeeisen, das Spiel von Licht und Schatten sowie seine kompromisslose Liebe zum Detail. Es ist ein Schl&uuml;sselwerk, um die kreative Entwicklung des Architekten zu verstehen.<\/span><\/p>\t\t\t\t\t\t<\/div>\n\t\t\t\t<\/div>\n\t\t\t\t\t<\/div>\n\t\t<\/div>\n\t\t\t\t\t\t\t<\/div>\n\t\t<\/section>\n\t\t\t\t<section class=\"elementor-section elementor-top-section elementor-element elementor-element-adf4d81 elementor-section-boxed elementor-section-height-default elementor-section-height-default\" data-id=\"adf4d81\" data-element_type=\"section\">\n\t\t\t\t\t\t<div class=\"elementor-container elementor-column-gap-default\">\n\t\t\t\t\t<div class=\"elementor-column elementor-col-100 elementor-top-column elementor-element elementor-element-cac8af4\" data-id=\"cac8af4\" data-element_type=\"column\">\n\t\t\t<div class=\"elementor-widget-wrap elementor-element-populated\">\n\t\t\t\t\t\t\t\t<div class=\"elementor-element elementor-element-13788ee elementor-widget elementor-widget-image\" data-id=\"13788ee\" data-element_type=\"widget\" data-widget_type=\"image.default\">\n\t\t\t\t<div class=\"elementor-widget-container\">\n\t\t\t\t\t\t\t\t\t\t\t\t\t\t\t<img loading=\"lazy\" decoding=\"async\" width=\"407\" height=\"510\" src=\"https:\/\/www.musikboutiquehotel.com\/wp-content\/uploads\/2026\/01\/palau-guell.jpg\" class=\"attachment-large size-large\" alt=\"Todas las obras de Gaud\u00ed en Barcelona\" srcset=\"https:\/\/www.musikboutiquehotel.com\/wp-content\/uploads\/2026\/01\/palau-guell.jpg 407w, https:\/\/www.musikboutiquehotel.com\/wp-content\/uploads\/2026\/01\/palau-guell-239x300.jpg 239w\" sizes=\"auto, (max-width: 407px) 100vw, 407px\" \/>\t\t\t\t\t\t\t\t\t\t\t\t\t\t\t<\/div>\n\t\t\t\t<\/div>\n\t\t\t\t\t<\/div>\n\t\t<\/div>\n\t\t\t\t\t\t\t<\/div>\n\t\t<\/section>\n\t\t\t\t<section class=\"elementor-section elementor-top-section elementor-element elementor-element-e9f31e1 elementor-section-boxed elementor-section-height-default elementor-section-height-default\" data-id=\"e9f31e1\" data-element_type=\"section\">\n\t\t\t\t\t\t<div class=\"elementor-container elementor-column-gap-default\">\n\t\t\t\t\t<div class=\"elementor-column elementor-col-100 elementor-top-column elementor-element elementor-element-71cc32d\" data-id=\"71cc32d\" data-element_type=\"column\">\n\t\t\t<div class=\"elementor-widget-wrap elementor-element-populated\">\n\t\t\t\t\t\t\t\t<div class=\"elementor-element elementor-element-0735c33 elementor-widget elementor-widget-text-editor\" data-id=\"0735c33\" data-element_type=\"widget\" data-widget_type=\"text-editor.default\">\n\t\t\t\t<div class=\"elementor-widget-container\">\n\t\t\t\t\t\t\t\t<p><span style=\"font-weight: 400;\">Foto: Palau G&uuml;ell<\/span><\/p>\n<h3><span style=\"font-weight: 400;\">Casa Vicens<\/span><\/h3>\n<p><span style=\"font-weight: 400;\">Die Casa Vicens gilt als das erste gro&szlig;e Werk von <\/span><strong>Antoni Gaud&iacute;<\/strong><span style=\"font-weight: 400;\">. Deutlich sp&uuml;rbar sind starke orientalische und mud&eacute;jare Einfl&uuml;sse, verbunden mit einem markanten Einsatz von Farbe und geometrischen Mustern. Dieses Geb&auml;ude markiert den Beginn einer Laufbahn, die die Architektur Barcelonas f&uuml;r immer ver&auml;ndern sollte.<\/span><\/p>\n<p><span style=\"font-weight: 400;\">Wie viele <\/span><strong>Kunstwerke von Antoni Gaud&iacute;<\/strong><span style=\"font-weight: 400;\"> zeigt auch die Casa Vicens sein Interesse an Handwerk und Materialien, indem Keramik, Eisen und Holz in einer harmonischen und zugleich &uuml;berraschenden Komposition zusammengef&uuml;hrt werden.<\/span><\/p>\t\t\t\t\t\t<\/div>\n\t\t\t\t<\/div>\n\t\t\t\t\t<\/div>\n\t\t<\/div>\n\t\t\t\t\t\t\t<\/div>\n\t\t<\/section>\n\t\t\t\t<section class=\"elementor-section elementor-top-section elementor-element elementor-element-1100c77 elementor-section-boxed elementor-section-height-default elementor-section-height-default\" data-id=\"1100c77\" data-element_type=\"section\">\n\t\t\t\t\t\t<div class=\"elementor-container elementor-column-gap-default\">\n\t\t\t\t\t<div class=\"elementor-column elementor-col-100 elementor-top-column elementor-element elementor-element-f9251c9\" data-id=\"f9251c9\" data-element_type=\"column\">\n\t\t\t<div class=\"elementor-widget-wrap elementor-element-populated\">\n\t\t\t\t\t\t\t\t<div class=\"elementor-element elementor-element-739b0f3 elementor-widget elementor-widget-image\" data-id=\"739b0f3\" data-element_type=\"widget\" data-widget_type=\"image.default\">\n\t\t\t\t<div class=\"elementor-widget-container\">\n\t\t\t\t\t\t\t\t\t\t\t\t\t\t\t<img loading=\"lazy\" decoding=\"async\" width=\"680\" height=\"454\" src=\"https:\/\/www.musikboutiquehotel.com\/wp-content\/uploads\/2026\/01\/casa-vicens.jpg\" class=\"attachment-large size-large\" alt=\"Todas las obras de Gaud\u00ed en Barcelona\" srcset=\"https:\/\/www.musikboutiquehotel.com\/wp-content\/uploads\/2026\/01\/casa-vicens.jpg 680w, https:\/\/www.musikboutiquehotel.com\/wp-content\/uploads\/2026\/01\/casa-vicens-300x200.jpg 300w, https:\/\/www.musikboutiquehotel.com\/wp-content\/uploads\/2026\/01\/casa-vicens-615x411.jpg 615w\" sizes=\"auto, (max-width: 680px) 100vw, 680px\" \/>\t\t\t\t\t\t\t\t\t\t\t\t\t\t\t<\/div>\n\t\t\t\t<\/div>\n\t\t\t\t\t<\/div>\n\t\t<\/div>\n\t\t\t\t\t\t\t<\/div>\n\t\t<\/section>\n\t\t\t\t<section class=\"elementor-section elementor-top-section elementor-element elementor-element-3d68ae4 elementor-section-boxed elementor-section-height-default elementor-section-height-default\" data-id=\"3d68ae4\" data-element_type=\"section\">\n\t\t\t\t\t\t<div class=\"elementor-container elementor-column-gap-default\">\n\t\t\t\t\t<div class=\"elementor-column elementor-col-100 elementor-top-column elementor-element elementor-element-e81d774\" data-id=\"e81d774\" data-element_type=\"column\">\n\t\t\t<div class=\"elementor-widget-wrap elementor-element-populated\">\n\t\t\t\t\t\t\t\t<div class=\"elementor-element elementor-element-94c7bc8 elementor-widget elementor-widget-text-editor\" data-id=\"94c7bc8\" data-element_type=\"widget\" data-widget_type=\"text-editor.default\">\n\t\t\t\t<div class=\"elementor-widget-container\">\n\t\t\t\t\t\t\t\t<p><span style=\"font-weight: 400;\">Foto: Casa Vicens<\/span><\/p>\n<h3><span style=\"font-weight: 400;\">Casa Calvet<\/span><\/h3>\n<p><span style=\"font-weight: 400;\">Die Casa Calvet ist im Vergleich zu anderen Sch&ouml;pfungen zur&uuml;ckhaltender und wirkt auf den ersten Blick konventioneller, geh&ouml;rt aber dennoch zu den interessanten von <\/span><strong>Antoni Gaud&iacute; entworfenen Strukturen<\/strong><span style=\"font-weight: 400;\">. Sie wurde als Wohn- und Gesch&auml;ftshaus geplant und an die damaligen st&auml;dtebaulichen Vorgaben angepasst.<\/span><\/p>\n<p><span style=\"font-weight: 400;\">Trotzdem hinterlie&szlig; <\/span><strong>Antoni Gaud&iacute;<\/strong><span style=\"font-weight: 400;\"> seine pers&ouml;nliche Handschrift in den ornamentalen Details, den ma&szlig;gefertigten M&ouml;beln und der sorgf&auml;ltigen Komposition der Fassade und bewies damit, dass er selbst innerhalb formaler Grenzen innovativ sein konnte.<\/span><\/p>\t\t\t\t\t\t<\/div>\n\t\t\t\t<\/div>\n\t\t\t\t\t<\/div>\n\t\t<\/div>\n\t\t\t\t\t\t\t<\/div>\n\t\t<\/section>\n\t\t\t\t<section class=\"elementor-section elementor-top-section elementor-element elementor-element-1fe6f11 elementor-section-boxed elementor-section-height-default elementor-section-height-default\" data-id=\"1fe6f11\" data-element_type=\"section\">\n\t\t\t\t\t\t<div class=\"elementor-container elementor-column-gap-default\">\n\t\t\t\t\t<div class=\"elementor-column elementor-col-100 elementor-top-column elementor-element elementor-element-de39260\" data-id=\"de39260\" data-element_type=\"column\">\n\t\t\t<div class=\"elementor-widget-wrap elementor-element-populated\">\n\t\t\t\t\t\t\t\t<div class=\"elementor-element elementor-element-c4c2500 elementor-widget elementor-widget-image\" data-id=\"c4c2500\" data-element_type=\"widget\" data-widget_type=\"image.default\">\n\t\t\t\t<div class=\"elementor-widget-container\">\n\t\t\t\t\t\t\t\t\t\t\t\t\t\t\t<img loading=\"lazy\" decoding=\"async\" width=\"680\" height=\"450\" src=\"https:\/\/www.musikboutiquehotel.com\/wp-content\/uploads\/2026\/01\/casa-calvet.jpg\" class=\"attachment-large size-large\" alt=\"Todas las obras de Gaud\u00ed en Barcelona\" srcset=\"https:\/\/www.musikboutiquehotel.com\/wp-content\/uploads\/2026\/01\/casa-calvet.jpg 680w, https:\/\/www.musikboutiquehotel.com\/wp-content\/uploads\/2026\/01\/casa-calvet-300x199.jpg 300w, https:\/\/www.musikboutiquehotel.com\/wp-content\/uploads\/2026\/01\/casa-calvet-615x407.jpg 615w\" sizes=\"auto, (max-width: 680px) 100vw, 680px\" \/>\t\t\t\t\t\t\t\t\t\t\t\t\t\t\t<\/div>\n\t\t\t\t<\/div>\n\t\t\t\t\t<\/div>\n\t\t<\/div>\n\t\t\t\t\t\t\t<\/div>\n\t\t<\/section>\n\t\t\t\t<section class=\"elementor-section elementor-top-section elementor-element elementor-element-f63bb44 elementor-section-boxed elementor-section-height-default elementor-section-height-default\" data-id=\"f63bb44\" data-element_type=\"section\">\n\t\t\t\t\t\t<div class=\"elementor-container elementor-column-gap-default\">\n\t\t\t\t\t<div class=\"elementor-column elementor-col-100 elementor-top-column elementor-element elementor-element-ad8ab17\" data-id=\"ad8ab17\" data-element_type=\"column\">\n\t\t\t<div class=\"elementor-widget-wrap elementor-element-populated\">\n\t\t\t\t\t\t\t\t<div class=\"elementor-element elementor-element-a2c6b5f elementor-widget elementor-widget-text-editor\" data-id=\"a2c6b5f\" data-element_type=\"widget\" data-widget_type=\"text-editor.default\">\n\t\t\t\t<div class=\"elementor-widget-container\">\n\t\t\t\t\t\t\t\t<p><span style=\"font-weight: 400;\">Foto: Casa Calvet<\/span><\/p>\n<h3><span style=\"font-weight: 400;\">Torre Bellesguard oder Casa Figueras<\/span><\/h3>\n<p><span style=\"font-weight: 400;\">In einer ruhigeren Umgebung gelegen, verbindet die Torre Bellesguard Geschichte und Moderne. <\/span><strong>Antoni Gaud&iacute;<\/strong><span style=\"font-weight: 400;\"> lie&szlig; sich von einer alten mittelalterlichen Burg inspirieren und schuf eines seiner eigenst&auml;ndigsten Kunstwerke.<\/span><\/p>\n<p><span style=\"font-weight: 400;\">Die Struktur mit ihren geradlinigeren Formen als &uuml;blich zeigt eine weniger bekannte Facette des Architekten, ohne auf die Symbole und Naturbez&uuml;ge zu verzichten, die die von <\/span><strong>Antoni Gaud&iacute; entworfenen Strukturen<\/strong><span style=\"font-weight: 400;\"> charakterisieren.<\/span><\/p>\t\t\t\t\t\t<\/div>\n\t\t\t\t<\/div>\n\t\t\t\t\t<\/div>\n\t\t<\/div>\n\t\t\t\t\t\t\t<\/div>\n\t\t<\/section>\n\t\t\t\t<section class=\"elementor-section elementor-top-section elementor-element elementor-element-2605fce elementor-section-boxed elementor-section-height-default elementor-section-height-default\" data-id=\"2605fce\" data-element_type=\"section\">\n\t\t\t\t\t\t<div class=\"elementor-container elementor-column-gap-default\">\n\t\t\t\t\t<div class=\"elementor-column elementor-col-100 elementor-top-column elementor-element elementor-element-46a373c\" data-id=\"46a373c\" data-element_type=\"column\">\n\t\t\t<div class=\"elementor-widget-wrap elementor-element-populated\">\n\t\t\t\t\t\t\t\t<div class=\"elementor-element elementor-element-0614bec elementor-widget elementor-widget-image\" data-id=\"0614bec\" data-element_type=\"widget\" data-widget_type=\"image.default\">\n\t\t\t\t<div class=\"elementor-widget-container\">\n\t\t\t\t\t\t\t\t\t\t\t\t\t\t\t<img loading=\"lazy\" decoding=\"async\" width=\"382\" height=\"510\" src=\"https:\/\/www.musikboutiquehotel.com\/wp-content\/uploads\/2026\/01\/torre-bellesguard.jpg\" class=\"attachment-large size-large\" alt=\"Todas las obras de Gaud\u00ed en Barcelona\" srcset=\"https:\/\/www.musikboutiquehotel.com\/wp-content\/uploads\/2026\/01\/torre-bellesguard.jpg 382w, https:\/\/www.musikboutiquehotel.com\/wp-content\/uploads\/2026\/01\/torre-bellesguard-225x300.jpg 225w\" sizes=\"auto, (max-width: 382px) 100vw, 382px\" \/>\t\t\t\t\t\t\t\t\t\t\t\t\t\t\t<\/div>\n\t\t\t\t<\/div>\n\t\t\t\t\t<\/div>\n\t\t<\/div>\n\t\t\t\t\t\t\t<\/div>\n\t\t<\/section>\n\t\t\t\t<section class=\"elementor-section elementor-top-section elementor-element elementor-element-b7e8969 elementor-section-boxed elementor-section-height-default elementor-section-height-default\" data-id=\"b7e8969\" data-element_type=\"section\">\n\t\t\t\t\t\t<div class=\"elementor-container elementor-column-gap-default\">\n\t\t\t\t\t<div class=\"elementor-column elementor-col-100 elementor-top-column elementor-element elementor-element-b9085a7\" data-id=\"b9085a7\" data-element_type=\"column\">\n\t\t\t<div class=\"elementor-widget-wrap elementor-element-populated\">\n\t\t\t\t\t\t\t\t<div class=\"elementor-element elementor-element-f0145ff elementor-widget elementor-widget-text-editor\" data-id=\"f0145ff\" data-element_type=\"widget\" data-widget_type=\"text-editor.default\">\n\t\t\t\t<div class=\"elementor-widget-container\">\n\t\t\t\t\t\t\t\t<p><span style=\"font-weight: 400;\">Foto: Torre Bellesguard oder Casa Figueras<\/span><\/p>\n<h3><span style=\"font-weight: 400;\">Colegio de las Teresianas<\/span><\/h3>\n<p><span style=\"font-weight: 400;\">Dieses Bildungsgeb&auml;ude spiegelt die strengere und funktionalere Seite von <\/span><strong>Antoni Gaud&iacute;<\/strong><span style=\"font-weight: 400;\"> wider. Aus Ziegeln errichtet und mit sehr zur&uuml;ckhaltender Ornamentik, zeigt das Colegio de las Teresianas, dass die <\/span><strong>Kunstwerke von Antoni Gaud&iacute;<\/strong><span style=\"font-weight: 400;\"> nicht immer auf unmittelbare visuelle Wirkung ausgerichtet sind. Wenn der Besuch als Teil eines intimeren und ruhigeren Rundgangs geplant ist, l&auml;sst er sich auch hervorragend in einen Kurztrip zu zweit integrieren, wie wir ihn in unserem Artikel &uuml;ber <\/span><a href=\"https:\/\/www.musikboutiquehotel.com\/de\/best-things-to-do-for-couples-in-barcelona\/\"><span style=\"font-weight: 400;\">Pl&auml;ne f&uuml;r Paare in Barcelona<\/span><\/a><span style=\"font-weight: 400;\"> vorstellen.<\/span><\/p>\n<p><span style=\"font-weight: 400;\">Hier legte der Architekt den Schwerpunkt auf Funktionalit&auml;t, nat&uuml;rliches Licht und religi&ouml;se Symbolik und verband all diese Elemente zu einer stimmigen und eleganten Struktur.<\/span><\/p>\n<h3><span style=\"font-weight: 400;\">Pabellones de la Finca G&uuml;ell<\/span><\/h3>\n<p><span style=\"font-weight: 400;\">Die Pabellones de la Finca G&uuml;ell sind ein Beispiel f&uuml;r das Talent von <\/span><strong>Antoni Gaud&iacute;<\/strong><span style=\"font-weight: 400;\">, zweckm&auml;&szlig;ige Bereiche in echte Kunstwerke zu verwandeln. Besonders hervorzuheben sind das Drachentor und die organischen Formen der Geb&auml;ude.<\/span><\/p>\n<p><span style=\"font-weight: 400;\">Diese Bauten geh&ouml;ren zu den von <\/span><strong>Antoni Gaud&iacute; entworfenen Strukturen<\/strong><span style=\"font-weight: 400;\">, die &auml;sthetische und technische L&ouml;sungen vorwegnehmen, die er in sp&auml;teren Projekten weiterentwickeln sollte.<\/span><\/p>\t\t\t\t\t\t<\/div>\n\t\t\t\t<\/div>\n\t\t\t\t\t<\/div>\n\t\t<\/div>\n\t\t\t\t\t\t\t<\/div>\n\t\t<\/section>\n\t\t\t\t<section class=\"elementor-section elementor-top-section elementor-element elementor-element-6fe9553 elementor-section-boxed elementor-section-height-default elementor-section-height-default\" data-id=\"6fe9553\" data-element_type=\"section\">\n\t\t\t\t\t\t<div class=\"elementor-container elementor-column-gap-default\">\n\t\t\t\t\t<div class=\"elementor-column elementor-col-100 elementor-top-column elementor-element elementor-element-d1a82ab\" data-id=\"d1a82ab\" data-element_type=\"column\">\n\t\t\t<div class=\"elementor-widget-wrap elementor-element-populated\">\n\t\t\t\t\t\t\t\t<div class=\"elementor-element elementor-element-bd5c7e0 elementor-widget elementor-widget-image\" data-id=\"bd5c7e0\" data-element_type=\"widget\" data-widget_type=\"image.default\">\n\t\t\t\t<div class=\"elementor-widget-container\">\n\t\t\t\t\t\t\t\t\t\t\t\t\t\t\t<img loading=\"lazy\" decoding=\"async\" width=\"680\" height=\"510\" src=\"https:\/\/www.musikboutiquehotel.com\/wp-content\/uploads\/2026\/01\/pabellones-guell.jpg\" class=\"attachment-large size-large\" alt=\"Todas las obras de Gaud\u00ed en Barcelona\" srcset=\"https:\/\/www.musikboutiquehotel.com\/wp-content\/uploads\/2026\/01\/pabellones-guell.jpg 680w, https:\/\/www.musikboutiquehotel.com\/wp-content\/uploads\/2026\/01\/pabellones-guell-300x225.jpg 300w, https:\/\/www.musikboutiquehotel.com\/wp-content\/uploads\/2026\/01\/pabellones-guell-615x461.jpg 615w\" sizes=\"auto, (max-width: 680px) 100vw, 680px\" \/>\t\t\t\t\t\t\t\t\t\t\t\t\t\t\t<\/div>\n\t\t\t\t<\/div>\n\t\t\t\t\t<\/div>\n\t\t<\/div>\n\t\t\t\t\t\t\t<\/div>\n\t\t<\/section>\n\t\t\t\t<section class=\"elementor-section elementor-top-section elementor-element elementor-element-ab0afa1 elementor-section-boxed elementor-section-height-default elementor-section-height-default\" data-id=\"ab0afa1\" data-element_type=\"section\">\n\t\t\t\t\t\t<div class=\"elementor-container elementor-column-gap-default\">\n\t\t\t\t\t<div class=\"elementor-column elementor-col-100 elementor-top-column elementor-element elementor-element-198183d\" data-id=\"198183d\" data-element_type=\"column\">\n\t\t\t<div class=\"elementor-widget-wrap elementor-element-populated\">\n\t\t\t\t\t\t\t\t<div class=\"elementor-element elementor-element-bf2bf61 elementor-widget elementor-widget-text-editor\" data-id=\"bf2bf61\" data-element_type=\"widget\" data-widget_type=\"text-editor.default\">\n\t\t\t\t<div class=\"elementor-widget-container\">\n\t\t\t\t\t\t\t\t<p><span style=\"font-weight: 400;\">Foto: Pabellones de la Finca G&uuml;ell<\/span><\/p>\n<h3><span style=\"font-weight: 400;\">Portal Miralles<\/span><\/h3>\n<p><span style=\"font-weight: 400;\">Das Portal Miralles ist ein weniger bekanntes Werk im Stadtraum, aber essentiell, um das kreative Universum von <\/span><strong>Antoni Gaud&iacute;<\/strong><span style=\"font-weight: 400;\"> zu verstehen. Es handelt sich um eine wellenf&ouml;rmige Mauer, die als Zugang zu einem ehemaligen Anwesen dient.<\/span><\/p>\n<p><span style=\"font-weight: 400;\">Diese Art von Werk zeigt, wie die <\/span><strong>Kunstwerke von Antoni Gaud&iacute;<\/strong><span style=\"font-weight: 400;\"> auch in scheinbar nebens&auml;chlichen Elementen des urbanen Stadtbildes zu finden sind.<\/span><\/p>\t\t\t\t\t\t<\/div>\n\t\t\t\t<\/div>\n\t\t\t\t\t<\/div>\n\t\t<\/div>\n\t\t\t\t\t\t\t<\/div>\n\t\t<\/section>\n\t\t\t\t<section class=\"elementor-section elementor-top-section elementor-element elementor-element-29b6e6b elementor-section-boxed elementor-section-height-default elementor-section-height-default\" data-id=\"29b6e6b\" data-element_type=\"section\">\n\t\t\t\t\t\t<div class=\"elementor-container elementor-column-gap-default\">\n\t\t\t\t\t<div class=\"elementor-column elementor-col-100 elementor-top-column elementor-element elementor-element-3ef50e3\" data-id=\"3ef50e3\" data-element_type=\"column\">\n\t\t\t<div class=\"elementor-widget-wrap elementor-element-populated\">\n\t\t\t\t\t\t\t\t<div class=\"elementor-element elementor-element-3185884 elementor-widget elementor-widget-image\" data-id=\"3185884\" data-element_type=\"widget\" data-widget_type=\"image.default\">\n\t\t\t\t<div class=\"elementor-widget-container\">\n\t\t\t\t\t\t\t\t\t\t\t\t\t\t\t<img loading=\"lazy\" decoding=\"async\" width=\"382\" height=\"510\" src=\"https:\/\/www.musikboutiquehotel.com\/wp-content\/uploads\/2026\/01\/portal-miralles.jpg\" class=\"attachment-large size-large\" alt=\"\" srcset=\"https:\/\/www.musikboutiquehotel.com\/wp-content\/uploads\/2026\/01\/portal-miralles.jpg 382w, https:\/\/www.musikboutiquehotel.com\/wp-content\/uploads\/2026\/01\/portal-miralles-225x300.jpg 225w\" sizes=\"auto, (max-width: 382px) 100vw, 382px\" \/>\t\t\t\t\t\t\t\t\t\t\t\t\t\t\t<\/div>\n\t\t\t\t<\/div>\n\t\t\t\t\t<\/div>\n\t\t<\/div>\n\t\t\t\t\t\t\t<\/div>\n\t\t<\/section>\n\t\t\t\t<section class=\"elementor-section elementor-top-section elementor-element elementor-element-49bc3bf elementor-section-boxed elementor-section-height-default elementor-section-height-default\" data-id=\"49bc3bf\" data-element_type=\"section\">\n\t\t\t\t\t\t<div class=\"elementor-container elementor-column-gap-default\">\n\t\t\t\t\t<div class=\"elementor-column elementor-col-100 elementor-top-column elementor-element elementor-element-9bde029\" data-id=\"9bde029\" data-element_type=\"column\">\n\t\t\t<div class=\"elementor-widget-wrap elementor-element-populated\">\n\t\t\t\t\t\t\t\t<div class=\"elementor-element elementor-element-2f48e3f elementor-widget elementor-widget-text-editor\" data-id=\"2f48e3f\" data-element_type=\"widget\" data-widget_type=\"text-editor.default\">\n\t\t\t\t<div class=\"elementor-widget-container\">\n\t\t\t\t\t\t\t\t<p><span style=\"font-weight: 400;\">Foto: Portal Miralles<\/span><\/p>\n<h3><span style=\"font-weight: 400;\">Farolas de la Plaza Reial<\/span><\/h3>\n<p><span style=\"font-weight: 400;\">Die Laternen der Plaza Reial geh&ouml;ren zu den fr&uuml;hen Arbeiten von <\/span><strong>Antoni Gaud&iacute;<\/strong><span style=\"font-weight: 400;\"> im &ouml;ffentlichen Raum. Obwohl sie im Vergleich zu anderen Werke schlicht wirken, zeigen sie bereits sein Interesse an funktionalem und symbolischem Design.<\/span><\/p>\n<p><span style=\"font-weight: 400;\">Diese St&uuml;cke z&auml;hlen zu den von <\/span><strong>Antoni Gaud&iacute; entworfenen Strukturen<\/strong><span style=\"font-weight: 400;\">, die oft &uuml;bersehen werden, aber die urbane Erfahrung Barcelonas sp&uuml;rbar bereichern.<\/span><\/p>\n<h3><span style=\"font-weight: 400;\">Fuente de H&eacute;rcules (Palau de Pedralbes)<\/span><\/h3>\n<p><span style=\"font-weight: 400;\">Die Fuente de H&eacute;rcules (der Herkulesbrunnen) ist ein zur&uuml;ckhaltendes und elegantes Werk, das<\/span><strong> Antoni Gaud&iacute;s <\/strong><span style=\"font-weight: 400;\">F&auml;higkeit widerspiegelt, Kunst und Natur miteinander zu verbinden. In den G&auml;rten des Palau de Pedralbes gelegen, geh&ouml;rt sie zu den weniger besuchten Kunstwerken von <\/span><strong>Antoni Gaud&iacute;<\/strong><span style=\"font-weight: 400;\">, ist jedoch reich an Symbolik.<\/span><\/p>\n<h3><span style=\"font-weight: 400;\">Mosaico de la Iglesia de Sant Paci&agrave;<\/span><\/h3>\n<p><span style=\"font-weight: 400;\">Dieses Mosaik zeigt <\/span><strong>Antoni Gaud&iacute;s<\/strong><span style=\"font-weight: 400;\"> Meisterschaft in dekorativen Techniken. Durch den Einsatz von Farbe und Komposition entsteht ein Werk, das Spiritualit&auml;t und Kunst verbindet und den Rundgang durch seine Sch&ouml;pfungen in der Stadt abrundet.<\/span><\/p>\t\t\t\t\t\t<\/div>\n\t\t\t\t<\/div>\n\t\t\t\t\t<\/div>\n\t\t<\/div>\n\t\t\t\t\t\t\t<\/div>\n\t\t<\/section>\n\t\t\t\t<section class=\"elementor-section elementor-top-section elementor-element elementor-element-9cbb5e7 elementor-section-boxed elementor-section-height-default elementor-section-height-default\" data-id=\"9cbb5e7\" data-element_type=\"section\">\n\t\t\t\t\t\t<div class=\"elementor-container elementor-column-gap-default\">\n\t\t\t\t\t<div class=\"elementor-column elementor-col-100 elementor-top-column elementor-element elementor-element-5952b9d\" data-id=\"5952b9d\" data-element_type=\"column\">\n\t\t\t<div class=\"elementor-widget-wrap elementor-element-populated\">\n\t\t\t\t\t\t\t\t<div class=\"elementor-element elementor-element-90250aa elementor-widget elementor-widget-image\" data-id=\"90250aa\" data-element_type=\"widget\" data-widget_type=\"image.default\">\n\t\t\t\t<div class=\"elementor-widget-container\">\n\t\t\t\t\t\t\t\t\t\t\t\t\t\t\t<img loading=\"lazy\" decoding=\"async\" width=\"287\" height=\"510\" src=\"https:\/\/www.musikboutiquehotel.com\/wp-content\/uploads\/2026\/01\/mosaico-sant-pacia.jpg\" class=\"attachment-large size-large\" alt=\"Todas las obras de Gaud\u00ed en Barcelona\" srcset=\"https:\/\/www.musikboutiquehotel.com\/wp-content\/uploads\/2026\/01\/mosaico-sant-pacia.jpg 287w, https:\/\/www.musikboutiquehotel.com\/wp-content\/uploads\/2026\/01\/mosaico-sant-pacia-169x300.jpg 169w\" sizes=\"auto, (max-width: 287px) 100vw, 287px\" \/>\t\t\t\t\t\t\t\t\t\t\t\t\t\t\t<\/div>\n\t\t\t\t<\/div>\n\t\t\t\t\t<\/div>\n\t\t<\/div>\n\t\t\t\t\t\t\t<\/div>\n\t\t<\/section>\n\t\t\t\t<section class=\"elementor-section elementor-top-section elementor-element elementor-element-3285f69 elementor-section-boxed elementor-section-height-default elementor-section-height-default\" data-id=\"3285f69\" data-element_type=\"section\">\n\t\t\t\t\t\t<div class=\"elementor-container elementor-column-gap-default\">\n\t\t\t\t\t<div class=\"elementor-column elementor-col-100 elementor-top-column elementor-element elementor-element-6f2622a\" data-id=\"6f2622a\" data-element_type=\"column\">\n\t\t\t<div class=\"elementor-widget-wrap elementor-element-populated\">\n\t\t\t\t\t\t\t\t<div class=\"elementor-element elementor-element-5b221c0 elementor-widget elementor-widget-text-editor\" data-id=\"5b221c0\" data-element_type=\"widget\" data-widget_type=\"text-editor.default\">\n\t\t\t\t<div class=\"elementor-widget-container\">\n\t\t\t\t\t\t\t\t<p><span style=\"font-weight: 400;\">Foto: Mosaico de la Iglesia de Sant Paci&agrave;<\/span><\/p>\n<h2><strong>Musik Boutique Hotel und sein Guide: Eine andere Art, Barcelona zu entdecken<\/strong><\/h2>\n<p><span style=\"font-weight: 400;\">Die Entdeckung der Sch&ouml;pfungen von <\/span><strong>Antoni Gaud&iacute;<\/strong><span style=\"font-weight: 400;\"> geh&ouml;rt zu den bereicherndsten Erfahrungen, die Barcelona zu bieten hat. Im <\/span><a href=\"https:\/\/www.musikboutiquehotel.com\/de\/\"><span style=\"font-weight: 400;\">Musik Boutique Hotel<\/span><\/a><span style=\"font-weight: 400;\"> verstehen wir die Stadt als eine kulturelle B&uuml;hne im st&auml;ndigen Dialog zwischen Vergangenheit und Gegenwart. Deshalb l&auml;dt unser <\/span><a href=\"https:\/\/www.musikboutiquehotel.com\/de\/blog\/\"><span style=\"font-weight: 400;\">Barcelona Guide<\/span><\/a><span style=\"font-weight: 400;\"> nicht nur dazu ein, Monumente zu besuchen, sondern Architektur als Teil des Aufenthalts zu erleben. Wer au&szlig;erdem den Kontext des Viertels vertiefen m&ouml;chte, in dem so vieles zum Leben erwacht, dem empfehlen wir sehr unseren Artikel &uuml;ber die <\/span><a href=\"https:\/\/www.musikboutiquehotel.com\/de\/geschichte-von-el-born-in-barcelona\/\"><span style=\"font-weight: 400;\">Geschichte von El Born<\/span><\/a><span style=\"font-weight: 400;\">.<\/span><\/p>\n<p><span style=\"font-weight: 400;\">Von unserer zentralen Lage aus k&ouml;nnen Sie personalisierte Routen planen, um die von <\/span><strong>Antoni Gaud&iacute; entworfenen Strukturen<\/strong><span style=\"font-weight: 400;\"> zu erkunden und dabei gro&szlig;e Ikonen mit weniger bekannten Ecken zu kombinieren. Um die Anreise entspannt zu planen und ohne Reibungsverluste zu starten, kann zudem unser Guide dazu hilfreich sein, <\/span><a href=\"https:\/\/www.musikboutiquehotel.com\/de\/taxi-flughafen-barcelona-ins-stadtzentrum\/\"><span style=\"font-weight: 400;\">wie viel ein Taxi vom Flughafen Barcelona kostet<\/span><\/a><span style=\"font-weight: 400;\">. Barcelona offenbart sich in den Details und wir sind da, um Ihnen zu helfen, sie mit der Ruhe, dem Komfort und der Inspiration zu entdecken, die das Erlebnis im Musik Boutique Hotel auszeichnen.<\/span><\/p>\t\t\t\t\t\t<\/div>\n\t\t\t\t<\/div>\n\t\t\t\t\t<\/div>\n\t\t<\/div>\n\t\t\t\t\t\t\t<\/div>\n\t\t<\/section>\n\t\t\t\t<section class=\"elementor-section elementor-top-section elementor-element elementor-element-7401ce1 elementor-section-boxed elementor-section-height-default elementor-section-height-default\" data-id=\"7401ce1\" data-element_type=\"section\">\n\t\t\t\t\t\t<div class=\"elementor-container elementor-column-gap-default\">\n\t\t\t\t\t<div class=\"elementor-column elementor-col-100 elementor-top-column elementor-element elementor-element-4cd209d\" data-id=\"4cd209d\" data-element_type=\"column\">\n\t\t\t<div class=\"elementor-widget-wrap elementor-element-populated\">\n\t\t\t\t\t\t\t\t<div class=\"elementor-element elementor-element-29b5fa1 elementor-widget elementor-widget-shortcode\" data-id=\"29b5fa1\" data-element_type=\"widget\" data-widget_type=\"shortcode.default\">\n\t\t\t\t<div class=\"elementor-widget-container\">\n\t\t\t\t\t<div class=\"elementor-shortcode\">\t\t<div data-elementor-type=\"single-post\" data-elementor-id=\"4089\" class=\"elementor elementor-4089 elementor-4078\" data-elementor-settings=\"[]\">\n\t\t<div class=\"elementor-section-wrap\">\n\t\t\t\t\t<section class=\"elementor-section elementor-top-section elementor-element elementor-element-b72d889 elementor-section-boxed elementor-section-height-default elementor-section-height-default\" data-id=\"b72d889\" data-element_type=\"section\">\n\t\t\t\t\t\t<div class=\"elementor-container elementor-column-gap-default\">\n\t\t\t\t\t<div class=\"elementor-column elementor-col-100 elementor-top-column elementor-element elementor-element-5b0a3ab\" data-id=\"5b0a3ab\" data-element_type=\"column\">\n\t\t\t<div class=\"elementor-widget-wrap elementor-element-populated\">\n\t\t\t\t\t\t\t\t<div class=\"elementor-element elementor-element-73d7b69 elementor-widget elementor-widget-heading\" data-id=\"73d7b69\" data-element_type=\"widget\" data-widget_type=\"heading.default\">\n\t\t\t\t<div class=\"elementor-widget-container\">\n\t\t\t<h2 class=\"elementor-heading-title elementor-size-default\">Finde dein perfektes Zimmer...<\/h2>\t\t<\/div>\n\t\t\t\t<\/div>\n\t\t\t\t\t<\/div>\n\t\t<\/div>\n\t\t\t\t\t\t\t<\/div>\n\t\t<\/section>\n\t\t\t\t<section class=\"elementor-section elementor-top-section elementor-element elementor-element-4f62f2d elementor-section-boxed elementor-section-height-default elementor-section-height-default\" data-id=\"4f62f2d\" data-element_type=\"section\">\n\t\t\t\t\t\t<div class=\"elementor-container elementor-column-gap-default\">\n\t\t\t\t\t<div class=\"elementor-column elementor-col-50 elementor-top-column elementor-element elementor-element-76caaef\" data-id=\"76caaef\" data-element_type=\"column\">\n\t\t\t<div class=\"elementor-widget-wrap elementor-element-populated\">\n\t\t\t\t\t\t\t\t<div class=\"elementor-element elementor-element-277abc3 elementor-cta--skin-cover elementor-widget elementor-widget-call-to-action\" data-id=\"277abc3\" data-element_type=\"widget\" data-widget_type=\"call-to-action.default\">\n\t\t\t\t<div class=\"elementor-widget-container\">\n\t\t\t\t\t<div  class=\"elementor-cta\">\n\t\t\t\t\t<div class=\"elementor-cta__bg-wrapper\">\n\t\t\t\t<div class=\"elementor-cta__bg elementor-bg\" style=\"background-image: url(https:\/\/www.musikboutiquehotel.com\/wp-content\/uploads\/2021\/07\/Standard-room-300x225.jpg);\"><\/div>\n\t\t\t\t<div class=\"elementor-cta__bg-overlay\"><\/div>\n\t\t\t<\/div>\n\t\t\t\t\t\t\t<div class=\"elementor-cta__content\">\n\t\t\t\t\n\t\t\t\t\t\t\t\t\t<h2 class=\"elementor-cta__title elementor-cta__content-item elementor-content-item\">\n\t\t\t\t\t\tStandard Room\t\t\t\t\t<\/h2>\n\t\t\t\t\n\t\t\t\t\n\t\t\t\t\t\t\t\t\t<div class=\"elementor-cta__button-wrapper elementor-cta__content-item elementor-content-item \">\n\t\t\t\t\t<a class=\"elementor-cta__button elementor-button elementor-size-sm\" href=\"https:\/\/www.musikboutiquehotel.com\/de\/room\/doppelzimmer\/\">\n\t\t\t\t\t\tMEHR ERFAHREN\t\t\t\t\t<\/a>\n\t\t\t\t\t<\/div>\n\t\t\t\t\t\t\t<\/div>\n\t\t\t\t\t\t<\/div>\n\t\t\t\t<\/div>\n\t\t\t\t<\/div>\n\t\t\t\t\t<\/div>\n\t\t<\/div>\n\t\t\t\t<div class=\"elementor-column elementor-col-50 elementor-top-column elementor-element elementor-element-4837743\" data-id=\"4837743\" data-element_type=\"column\">\n\t\t\t<div class=\"elementor-widget-wrap elementor-element-populated\">\n\t\t\t\t\t\t\t\t<div class=\"elementor-element elementor-element-213a060 elementor-cta--skin-cover elementor-widget elementor-widget-call-to-action\" data-id=\"213a060\" data-element_type=\"widget\" data-widget_type=\"call-to-action.default\">\n\t\t\t\t<div class=\"elementor-widget-container\">\n\t\t\t\t\t<div  class=\"elementor-cta\">\n\t\t\t\t\t<div class=\"elementor-cta__bg-wrapper\">\n\t\t\t\t<div class=\"elementor-cta__bg elementor-bg\" style=\"background-image: url(https:\/\/www.musikboutiquehotel.com\/wp-content\/uploads\/2019\/02\/Deluxe-room-stone-decor-300x225.jpg);\"><\/div>\n\t\t\t\t<div class=\"elementor-cta__bg-overlay\"><\/div>\n\t\t\t<\/div>\n\t\t\t\t\t\t\t<div class=\"elementor-cta__content\">\n\t\t\t\t\n\t\t\t\t\t\t\t\t\t<h2 class=\"elementor-cta__title elementor-cta__content-item elementor-content-item\">\n\t\t\t\t\t\tDeluxe Room\t\t\t\t\t<\/h2>\n\t\t\t\t\n\t\t\t\t\n\t\t\t\t\t\t\t\t\t<div class=\"elementor-cta__button-wrapper elementor-cta__content-item elementor-content-item \">\n\t\t\t\t\t<a class=\"elementor-cta__button elementor-button elementor-size-sm\" href=\"https:\/\/www.musikboutiquehotel.com\/de\/room\/deluxe-doppelzimmer\/\">\n\t\t\t\t\t\tMEHR ERFAHREN\t\t\t\t\t<\/a>\n\t\t\t\t\t<\/div>\n\t\t\t\t\t\t\t<\/div>\n\t\t\t\t\t\t<\/div>\n\t\t\t\t<\/div>\n\t\t\t\t<\/div>\n\t\t\t\t\t<\/div>\n\t\t<\/div>\n\t\t\t\t\t\t\t<\/div>\n\t\t<\/section>\n\t\t\t\t<section class=\"elementor-section elementor-top-section elementor-element elementor-element-acc67be elementor-section-boxed elementor-section-height-default elementor-section-height-default\" data-id=\"acc67be\" data-element_type=\"section\">\n\t\t\t\t\t\t<div class=\"elementor-container elementor-column-gap-default\">\n\t\t\t\t\t<div class=\"elementor-column elementor-col-50 elementor-top-column elementor-element elementor-element-dd78217\" data-id=\"dd78217\" data-element_type=\"column\">\n\t\t\t<div class=\"elementor-widget-wrap elementor-element-populated\">\n\t\t\t\t\t\t\t\t<div class=\"elementor-element elementor-element-f82a4f1 elementor-cta--skin-cover elementor-widget elementor-widget-call-to-action\" data-id=\"f82a4f1\" data-element_type=\"widget\" data-widget_type=\"call-to-action.default\">\n\t\t\t\t<div class=\"elementor-widget-container\">\n\t\t\t\t\t<div  class=\"elementor-cta\">\n\t\t\t\t\t<div class=\"elementor-cta__bg-wrapper\">\n\t\t\t\t<div class=\"elementor-cta__bg elementor-bg\" style=\"background-image: url(https:\/\/www.musikboutiquehotel.com\/wp-content\/uploads\/2021\/08\/Junior-Suite-bed-close-up-300x225.jpg);\"><\/div>\n\t\t\t\t<div class=\"elementor-cta__bg-overlay\"><\/div>\n\t\t\t<\/div>\n\t\t\t\t\t\t\t<div class=\"elementor-cta__content\">\n\t\t\t\t\n\t\t\t\t\t\t\t\t\t<h2 class=\"elementor-cta__title elementor-cta__content-item elementor-content-item\">\n\t\t\t\t\t\tJunior Suite\t\t\t\t\t<\/h2>\n\t\t\t\t\n\t\t\t\t\n\t\t\t\t\t\t\t\t\t<div class=\"elementor-cta__button-wrapper elementor-cta__content-item elementor-content-item \">\n\t\t\t\t\t<a class=\"elementor-cta__button elementor-button elementor-size-sm\" href=\"https:\/\/www.musikboutiquehotel.com\/de\/room\/junior-suite\/\">\n\t\t\t\t\t\tMEHR ERFAHREN\t\t\t\t\t<\/a>\n\t\t\t\t\t<\/div>\n\t\t\t\t\t\t\t<\/div>\n\t\t\t\t\t\t<\/div>\n\t\t\t\t<\/div>\n\t\t\t\t<\/div>\n\t\t\t\t\t<\/div>\n\t\t<\/div>\n\t\t\t\t<div class=\"elementor-column elementor-col-50 elementor-top-column elementor-element elementor-element-e4b8ab8\" data-id=\"e4b8ab8\" data-element_type=\"column\">\n\t\t\t<div class=\"elementor-widget-wrap elementor-element-populated\">\n\t\t\t\t\t\t\t\t<div class=\"elementor-element elementor-element-cb8b3da elementor-cta--skin-cover elementor-widget elementor-widget-call-to-action\" data-id=\"cb8b3da\" data-element_type=\"widget\" data-widget_type=\"call-to-action.default\">\n\t\t\t\t<div class=\"elementor-widget-container\">\n\t\t\t\t\t<div  class=\"elementor-cta\">\n\t\t\t\t\t<div class=\"elementor-cta__bg-wrapper\">\n\t\t\t\t<div class=\"elementor-cta__bg elementor-bg\" style=\"background-image: url(https:\/\/www.musikboutiquehotel.com\/wp-content\/uploads\/2021\/08\/Single-room-terrace-1-300x225.jpg);\"><\/div>\n\t\t\t\t<div class=\"elementor-cta__bg-overlay\"><\/div>\n\t\t\t<\/div>\n\t\t\t\t\t\t\t<div class=\"elementor-cta__content\">\n\t\t\t\t\n\t\t\t\t\t\t\t\t\t<h2 class=\"elementor-cta__title elementor-cta__content-item elementor-content-item\">\n\t\t\t\t\t\tSingle Room\t\t\t\t\t<\/h2>\n\t\t\t\t\n\t\t\t\t\n\t\t\t\t\t\t\t\t\t<div class=\"elementor-cta__button-wrapper elementor-cta__content-item elementor-content-item \">\n\t\t\t\t\t<a class=\"elementor-cta__button elementor-button elementor-size-sm\" href=\"https:\/\/www.musikboutiquehotel.com\/de\/room\/einzelzimmer\/\">\n\t\t\t\t\t\tMEHR ERFAHREN\t\t\t\t\t<\/a>\n\t\t\t\t\t<\/div>\n\t\t\t\t\t\t\t<\/div>\n\t\t\t\t\t\t<\/div>\n\t\t\t\t<\/div>\n\t\t\t\t<\/div>\n\t\t\t\t\t<\/div>\n\t\t<\/div>\n\t\t\t\t\t\t\t<\/div>\n\t\t<\/section>\n\t\t\t\t<\/div>\n\t\t<\/div>\n\t\t<\/div>\n\t\t\t\t<\/div>\n\t\t\t\t<\/div>\n\t\t\t\t\t<\/div>\n\t\t<\/div>\n\t\t\t\t\t\t\t<\/div>\n\t\t<\/section>\n\t\t\t\t\t\t<\/div>\n\t\t\t\t\t<\/div>\n\t\t","protected":false},"excerpt":{"rendered":"<p>Barcelona ist eine Stadt, die man mit allen Sinnen erlebt. Ihre Architektur, ihre kreative&nbsp; Energie und ihre mediterrane Identit&auml;t machen sie zu einem Reiseziel, das vom ersten Moment an inspiriert. [&hellip;]<\/p>\n","protected":false},"author":1,"featured_media":5209,"comment_status":"open","ping_status":"open","sticky":false,"template":"","format":"standard","meta":{"footnotes":""},"categories":[42],"tags":[],"class_list":["post-4729","post","type-post","status-publish","format-standard","has-post-thumbnail","hentry","category-unkategorisiert"],"yoast_head":"<!-- This site is optimized with the Yoast SEO plugin v16.5 - https:\/\/yoast.com\/wordpress\/plugins\/seo\/ -->\n<title>Alle Werke von Gaud\u00ed in Barcelona | Musik Boutique Hotel<\/title>\n<meta name=\"description\" content=\"Entdecken Sie Gaud\u00eds Werke in Barcelona: Sagrada Fam\u00edlia, Park G\u00fcell, Casa Batll\u00f3 und mehr. Tipps vom Musik Boutique Hotel.\" \/>\n<meta name=\"robots\" content=\"index, follow, max-snippet:-1, max-image-preview:large, max-video-preview:-1\" \/>\n<link rel=\"canonical\" href=\"https:\/\/www.musikboutiquehotel.com\/de\/alle-werke-von-gaudi-in-barcelona\/\" \/>\n<meta property=\"og:locale\" content=\"de_DE\" \/>\n<meta property=\"og:type\" content=\"article\" \/>\n<meta property=\"og:title\" content=\"Alle Werke von Gaud\u00ed in Barcelona | Musik Boutique Hotel\" \/>\n<meta property=\"og:description\" content=\"Entdecken Sie Gaud\u00eds Werke in Barcelona: Sagrada Fam\u00edlia, Park G\u00fcell, Casa Batll\u00f3 und mehr. Tipps vom Musik Boutique Hotel.\" \/>\n<meta property=\"og:url\" content=\"https:\/\/www.musikboutiquehotel.com\/de\/alle-werke-von-gaudi-in-barcelona\/\" \/>\n<meta property=\"og:site_name\" content=\"musikboutiquehotel.com\" \/>\n<meta property=\"article:published_time\" content=\"2026-01-21T11:19:39+00:00\" \/>\n<meta property=\"article:modified_time\" content=\"2026-04-25T18:57:50+00:00\" \/>\n<meta name=\"twitter:card\" content=\"summary_large_image\" \/>\n<meta name=\"twitter:image\" content=\"https:\/\/www.musikboutiquehotel.com\/wp-content\/uploads\/2026\/01\/sagrada-familia-web-hero-1920x1080-1.webp\" \/>\n<meta name=\"twitter:label1\" content=\"Gesch\u00e4tzte Lesezeit\" \/>\n\t<meta name=\"twitter:data1\" content=\"10\u00a0Minuten\" \/>\n<script type=\"application\/ld+json\" class=\"yoast-schema-graph\">{\"@context\":\"https:\/\/schema.org\",\"@graph\":[{\"@type\":\"WebSite\",\"@id\":\"https:\/\/www.musikboutiquehotel.com\/de\/#website\",\"url\":\"https:\/\/www.musikboutiquehotel.com\/de\/\",\"name\":\"musikboutiquehotel.com\",\"description\":\"Romantic Hotel in Barcelona\",\"potentialAction\":[{\"@type\":\"SearchAction\",\"target\":\"https:\/\/www.musikboutiquehotel.com\/de\/?s={search_term_string}\",\"query-input\":\"required name=search_term_string\"}],\"inLanguage\":\"de\"},{\"@type\":\"ImageObject\",\"@id\":\"https:\/\/www.musikboutiquehotel.com\/de\/alle-werke-von-gaudi-in-barcelona\/#primaryimage\",\"inLanguage\":\"de\",\"url\":\"https:\/\/www.musikboutiquehotel.com\/wp-content\/uploads\/2026\/01\/sagrada-familia-web-hero-1920x1080-1.webp\",\"contentUrl\":\"https:\/\/www.musikboutiquehotel.com\/wp-content\/uploads\/2026\/01\/sagrada-familia-web-hero-1920x1080-1.webp\",\"width\":1920,\"height\":1080},{\"@type\":\"WebPage\",\"@id\":\"https:\/\/www.musikboutiquehotel.com\/de\/alle-werke-von-gaudi-in-barcelona\/#webpage\",\"url\":\"https:\/\/www.musikboutiquehotel.com\/de\/alle-werke-von-gaudi-in-barcelona\/\",\"name\":\"Alle Werke von Gaud\\u00ed in Barcelona | Musik Boutique Hotel\",\"isPartOf\":{\"@id\":\"https:\/\/www.musikboutiquehotel.com\/de\/#website\"},\"primaryImageOfPage\":{\"@id\":\"https:\/\/www.musikboutiquehotel.com\/de\/alle-werke-von-gaudi-in-barcelona\/#primaryimage\"},\"datePublished\":\"2026-01-21T11:19:39+00:00\",\"dateModified\":\"2026-04-25T18:57:50+00:00\",\"author\":{\"@id\":\"https:\/\/www.musikboutiquehotel.com\/de\/#\/schema\/person\/af23e7fa0cd699fd6cbd817e3e97e794\"},\"description\":\"Entdecken Sie Gaud\\u00eds Werke in Barcelona: Sagrada Fam\\u00edlia, Park G\\u00fcell, Casa Batll\\u00f3 und mehr. Tipps vom Musik Boutique Hotel.\",\"breadcrumb\":{\"@id\":\"https:\/\/www.musikboutiquehotel.com\/de\/alle-werke-von-gaudi-in-barcelona\/#breadcrumb\"},\"inLanguage\":\"de\",\"potentialAction\":[{\"@type\":\"ReadAction\",\"target\":[\"https:\/\/www.musikboutiquehotel.com\/de\/alle-werke-von-gaudi-in-barcelona\/\"]}]},{\"@type\":\"BreadcrumbList\",\"@id\":\"https:\/\/www.musikboutiquehotel.com\/de\/alle-werke-von-gaudi-in-barcelona\/#breadcrumb\",\"itemListElement\":[{\"@type\":\"ListItem\",\"position\":1,\"name\":\"Home\",\"item\":\"https:\/\/www.musikboutiquehotel.com\/de\/\"},{\"@type\":\"ListItem\",\"position\":2,\"name\":\"Werke von Gaud\\u00ed in Barcelona\"}]},{\"@type\":\"Person\",\"@id\":\"https:\/\/www.musikboutiquehotel.com\/de\/#\/schema\/person\/af23e7fa0cd699fd6cbd817e3e97e794\",\"name\":\"useradmin\",\"image\":{\"@type\":\"ImageObject\",\"@id\":\"https:\/\/www.musikboutiquehotel.com\/de\/#personlogo\",\"inLanguage\":\"de\",\"url\":\"https:\/\/secure.gravatar.com\/avatar\/4a134b0ee5039de554a4f5788bbcc95f8cb550e84f6610b6a45fd221548ceeef?s=96&d=mm&r=g\",\"contentUrl\":\"https:\/\/secure.gravatar.com\/avatar\/4a134b0ee5039de554a4f5788bbcc95f8cb550e84f6610b6a45fd221548ceeef?s=96&d=mm&r=g\",\"caption\":\"useradmin\"},\"sameAs\":[\"http:\/\/www.musikboutiquehotel.com\"],\"url\":\"https:\/\/www.musikboutiquehotel.com\/de\/author\/useradmin\/\"}]}<\/script>\n<!-- \/ Yoast SEO plugin. -->","_links":{"self":[{"href":"https:\/\/www.musikboutiquehotel.com\/de\/wp-json\/wp\/v2\/posts\/4729","targetHints":{"allow":["GET"]}}],"collection":[{"href":"https:\/\/www.musikboutiquehotel.com\/de\/wp-json\/wp\/v2\/posts"}],"about":[{"href":"https:\/\/www.musikboutiquehotel.com\/de\/wp-json\/wp\/v2\/types\/post"}],"author":[{"embeddable":true,"href":"https:\/\/www.musikboutiquehotel.com\/de\/wp-json\/wp\/v2\/users\/1"}],"replies":[{"embeddable":true,"href":"https:\/\/www.musikboutiquehotel.com\/de\/wp-json\/wp\/v2\/comments?post=4729"}],"version-history":[{"count":4,"href":"https:\/\/www.musikboutiquehotel.com\/de\/wp-json\/wp\/v2\/posts\/4729\/revisions"}],"predecessor-version":[{"id":4736,"href":"https:\/\/www.musikboutiquehotel.com\/de\/wp-json\/wp\/v2\/posts\/4729\/revisions\/4736"}],"wp:featuredmedia":[{"embeddable":true,"href":"https:\/\/www.musikboutiquehotel.com\/de\/wp-json\/wp\/v2\/media\/5209"}],"wp:attachment":[{"href":"https:\/\/www.musikboutiquehotel.com\/de\/wp-json\/wp\/v2\/media?parent=4729"}],"wp:term":[{"taxonomy":"category","embeddable":true,"href":"https:\/\/www.musikboutiquehotel.com\/de\/wp-json\/wp\/v2\/categories?post=4729"},{"taxonomy":"post_tag","embeddable":true,"href":"https:\/\/www.musikboutiquehotel.com\/de\/wp-json\/wp\/v2\/tags?post=4729"}],"curies":[{"name":"wp","href":"https:\/\/api.w.org\/{rel}","templated":true}]}}