{"id":4223,"date":"2025-11-27T11:47:21","date_gmt":"2025-11-27T11:47:21","guid":{"rendered":"https:\/\/www.musikboutiquehotel.com\/?p=4223"},"modified":"2026-04-25T20:06:17","modified_gmt":"2026-04-25T19:06:17","slug":"guia-para-descubrir-el-barrio-del-raval","status":"publish","type":"post","link":"https:\/\/www.musikboutiquehotel.com\/es\/guia-para-descubrir-el-barrio-del-raval\/","title":{"rendered":"Descubriendo el Raval: historia, arte urbano y gastronom\u00eda multicultural"},"content":{"rendered":"\t\t<div data-elementor-type=\"wp-post\" data-elementor-id=\"4223\" class=\"elementor elementor-4223\" data-elementor-settings=\"[]\">\n\t\t\t\t\t\t\t<div class=\"elementor-section-wrap\">\n\t\t\t\t\t\t\t<section class=\"elementor-section elementor-top-section elementor-element elementor-element-f8cfa05 elementor-section-boxed elementor-section-height-default elementor-section-height-default\" data-id=\"f8cfa05\" data-element_type=\"section\">\n\t\t\t\t\t\t<div class=\"elementor-container elementor-column-gap-default\">\n\t\t\t\t\t<div class=\"elementor-column elementor-col-100 elementor-top-column elementor-element elementor-element-593beed\" data-id=\"593beed\" data-element_type=\"column\">\n\t\t\t<div class=\"elementor-widget-wrap elementor-element-populated\">\n\t\t\t\t\t\t\t\t<div class=\"elementor-element elementor-element-54ba354 elementor-widget elementor-widget-text-editor\" data-id=\"54ba354\" data-element_type=\"widget\" data-widget_type=\"text-editor.default\">\n\t\t\t\t<div class=\"elementor-widget-container\">\n\t\t\t\t\t\t\t\t<p><span style=\"font-weight: 400;\">En <\/span><a href=\"https:\/\/www.musikboutiquehotel.com\/es\/\"><span style=\"font-weight: 400;\">Musik Boutique Hotel<\/span><\/a><span style=\"font-weight: 400;\"> nos encanta ense&ntilde;arte una Barcelona aut&eacute;ntica, sorprendente y llena de matices. Desde nuestro hotel, en pleno coraz&oacute;n del Born, queremos invitarte a descubrir barrios que respiran historia propia, personalidad y diversidad. Nuestra <\/span><a href=\"https:\/\/www.musikboutiquehotel.com\/es\/guia-de-barcelona\/\"><span style=\"font-weight: 400;\">gu&iacute;a de Barcelona<\/span><\/a><span style=\"font-weight: 400;\"> nace precisamente de esa idea: ayudarte a vivir la ciudad desde dentro, no como un simple espectador, sino como alguien que la recorre con curiosidad y la siente en cada uno de sus rincones. Antes de cruzar hacia el Raval, es interesante conocer mejor el entorno del hotel a trav&eacute;s de la<\/span><a href=\"https:\/\/www.musikboutiquehotel.com\/es\/historia-de-el-born-barcelona\/\"> <span style=\"font-weight: 400;\">historia de El Born<\/span><\/a><span style=\"font-weight: 400;\"> o de esta selecci&oacute;n de<\/span><a href=\"https:\/\/www.musikboutiquehotel.com\/es\/que-hacer-en-el-born\/\"> <span style=\"font-weight: 400;\">planes en el Born<\/span><\/a><span style=\"font-weight: 400;\">.<\/span><\/p>\n<p><span style=\"font-weight: 400;\">Entre los barrios m&aacute;s vivos y expresivos de la ciudad, <\/span><strong>el raval barcelona<\/strong><span style=\"font-weight: 400;\"> ocupa un lugar especial. Colorido, multicultural, creativo e intenso, este barrio es una mezcla fascinante donde conviven tradici&oacute;n, cultura contempor&aacute;nea, arte urbano y sabores del mundo. En esta gu&iacute;a te llevamos a conocer sus calles, sus templos, sus museos y sus mercados. Porque descubrir <\/span><strong>el raval<\/strong><span style=\"font-weight: 400;\"> es abrir una ventana a una Barcelona distinta, valiente y profundamente humana.&nbsp; Quien quiera seguir ampliando perspectivas puede curiosear tambi&eacute;n estas<\/span><a href=\"https:\/\/www.musikboutiquehotel.com\/es\/curiosidades-de-el-born\/\"> <span style=\"font-weight: 400;\">curiosidades de El Born<\/span><\/a><span style=\"font-weight: 400;\">.<\/span><\/p>\t\t\t\t\t\t<\/div>\n\t\t\t\t<\/div>\n\t\t\t\t\t<\/div>\n\t\t<\/div>\n\t\t\t\t\t\t\t<\/div>\n\t\t<\/section>\n\t\t\t\t<section class=\"elementor-section elementor-top-section elementor-element elementor-element-7ef7121 elementor-section-boxed elementor-section-height-default elementor-section-height-default\" data-id=\"7ef7121\" data-element_type=\"section\">\n\t\t\t\t\t\t<div class=\"elementor-container elementor-column-gap-default\">\n\t\t\t\t\t<div class=\"elementor-column elementor-col-100 elementor-top-column elementor-element elementor-element-c5463a6\" data-id=\"c5463a6\" data-element_type=\"column\">\n\t\t\t<div class=\"elementor-widget-wrap elementor-element-populated\">\n\t\t\t\t\t\t\t\t<div class=\"elementor-element elementor-element-6623d30 elementor-widget elementor-widget-heading\" data-id=\"6623d30\" data-element_type=\"widget\" data-widget_type=\"heading.default\">\n\t\t\t\t<div class=\"elementor-widget-container\">\n\t\t\t<h2 class=\"elementor-heading-title elementor-size-default\">Introducci\u00f3n del barrio del raval<\/h2>\t\t<\/div>\n\t\t\t\t<\/div>\n\t\t\t\t\t<\/div>\n\t\t<\/div>\n\t\t\t\t\t\t\t<\/div>\n\t\t<\/section>\n\t\t\t\t<section class=\"elementor-section elementor-top-section elementor-element elementor-element-b33a056 elementor-section-boxed elementor-section-height-default elementor-section-height-default\" data-id=\"b33a056\" data-element_type=\"section\">\n\t\t\t\t\t\t<div class=\"elementor-container elementor-column-gap-default\">\n\t\t\t\t\t<div class=\"elementor-column elementor-col-100 elementor-top-column elementor-element elementor-element-60edf41\" data-id=\"60edf41\" data-element_type=\"column\">\n\t\t\t<div class=\"elementor-widget-wrap elementor-element-populated\">\n\t\t\t\t\t\t\t\t<div class=\"elementor-element elementor-element-56dcb12 elementor-widget elementor-widget-text-editor\" data-id=\"56dcb12\" data-element_type=\"widget\" data-widget_type=\"text-editor.default\">\n\t\t\t\t<div class=\"elementor-widget-container\">\n\t\t\t\t\t\t\t\t<p><span style=\"font-weight: 400;\">Hablar del<\/span><strong> raval<\/strong><span style=\"font-weight: 400;\"> es hablar de diversidad. Sus calles han visto pasar marineros, artesanos, comerciantes, estudiantes, artistas y reci&eacute;n llegados de todas partes del mundo. Hoy, este <\/span><strong>barrio de barcelona<\/strong><span style=\"font-weight: 400;\"> es uno de los espacios m&aacute;s emblem&aacute;ticos para entender la esencia multicultural de la ciudad.<\/span><\/p>\n<p><span style=\"font-weight: 400;\">Aqu&iacute; se mezclan mercados ic&oacute;nicos como la Boqueria con centros de arte contempor&aacute;neo, templos medievales, librer&iacute;as hist&oacute;ricas, restaurantes asi&aacute;ticos, talleres de artistas y grafitis que cambian cada pocos meses. Todo convive en un equilibrio sorprendente que convierte este barrio en un lugar &uacute;nico. Para continuar una ruta gastron&oacute;mica m&aacute;s amplia, tambi&eacute;n puedes echar un vistazo a los<\/span><a href=\"https:\/\/www.musikboutiquehotel.com\/es\/los-mejores-mercados-de-barcelona-para-comer\/\"> <span style=\"font-weight: 400;\">mejores mercados de comida de Barcelona<\/span><\/a><span style=\"font-weight: 400;\">.<\/span><\/p>\n<p><span style=\"font-weight: 400;\">Si te preguntas <\/span><strong>qu&eacute; ver en el raval<\/strong><span style=\"font-weight: 400;\">, la respuesta es simple: mucho m&aacute;s de lo que imaginas. Su encanto no reside solo en sus grandes monumentos, sino en la suma de peque&ntilde;as escenas cotidianas que encontrar&aacute;s en cada esquina.<\/span><\/p>\t\t\t\t\t\t<\/div>\n\t\t\t\t<\/div>\n\t\t\t\t\t<\/div>\n\t\t<\/div>\n\t\t\t\t\t\t\t<\/div>\n\t\t<\/section>\n\t\t\t\t<section class=\"elementor-section elementor-top-section elementor-element elementor-element-f192096 elementor-section-boxed elementor-section-height-default elementor-section-height-default\" data-id=\"f192096\" data-element_type=\"section\">\n\t\t\t\t\t\t<div class=\"elementor-container elementor-column-gap-default\">\n\t\t\t\t\t<div class=\"elementor-column elementor-col-100 elementor-top-column elementor-element elementor-element-0c74369\" data-id=\"0c74369\" data-element_type=\"column\">\n\t\t\t<div class=\"elementor-widget-wrap elementor-element-populated\">\n\t\t\t\t\t\t\t\t<div class=\"elementor-element elementor-element-c4fa37c elementor-widget elementor-widget-heading\" data-id=\"c4fa37c\" data-element_type=\"widget\" data-widget_type=\"heading.default\">\n\t\t\t\t<div class=\"elementor-widget-container\">\n\t\t\t<h2 class=\"elementor-heading-title elementor-size-default\">Arte y cultura contempor\u00e1nea en el raval<\/h2>\t\t<\/div>\n\t\t\t\t<\/div>\n\t\t\t\t\t<\/div>\n\t\t<\/div>\n\t\t\t\t\t\t\t<\/div>\n\t\t<\/section>\n\t\t\t\t<section class=\"elementor-section elementor-top-section elementor-element elementor-element-fdc25d6 elementor-section-boxed elementor-section-height-default elementor-section-height-default\" data-id=\"fdc25d6\" data-element_type=\"section\">\n\t\t\t\t\t\t<div class=\"elementor-container elementor-column-gap-default\">\n\t\t\t\t\t<div class=\"elementor-column elementor-col-100 elementor-top-column elementor-element elementor-element-8666dbe\" data-id=\"8666dbe\" data-element_type=\"column\">\n\t\t\t<div class=\"elementor-widget-wrap elementor-element-populated\">\n\t\t\t\t\t\t\t\t<div class=\"elementor-element elementor-element-f4a50d1 elementor-widget elementor-widget-text-editor\" data-id=\"f4a50d1\" data-element_type=\"widget\" data-widget_type=\"text-editor.default\">\n\t\t\t\t<div class=\"elementor-widget-container\">\n\t\t\t\t\t\t\t\t<p><span style=\"font-weight: 400;\">El barrio siempre ha sido un espacio para la creatividad y la experimentaci&oacute;n. Por eso alberga algunos de los centros culturales m&aacute;s destacados de la ciudad. Quienes disfrutan del arte urbano, la fotograf&iacute;a o las instalaciones contempor&aacute;neas encuentran aqu&iacute; un punto de referencia. Tambi&eacute;n puede encajar una visita extra consultando los<\/span><a href=\"https:\/\/www.musikboutiquehotel.com\/es\/mejores-museos-de-barcelona\/\"> <span style=\"font-weight: 400;\">mejores museos de Barcelona<\/span><\/a><span style=\"font-weight: 400;\">.<\/span><\/p>\t\t\t\t\t\t<\/div>\n\t\t\t\t<\/div>\n\t\t\t\t\t<\/div>\n\t\t<\/div>\n\t\t\t\t\t\t\t<\/div>\n\t\t<\/section>\n\t\t\t\t<section class=\"elementor-section elementor-top-section elementor-element elementor-element-183e338 elementor-section-boxed elementor-section-height-default elementor-section-height-default\" data-id=\"183e338\" data-element_type=\"section\">\n\t\t\t\t\t\t<div class=\"elementor-container elementor-column-gap-default\">\n\t\t\t\t\t<div class=\"elementor-column elementor-col-100 elementor-top-column elementor-element elementor-element-f15ae76\" data-id=\"f15ae76\" data-element_type=\"column\">\n\t\t\t<div class=\"elementor-widget-wrap elementor-element-populated\">\n\t\t\t\t\t\t\t\t<div class=\"elementor-element elementor-element-da2139a elementor-widget elementor-widget-text-editor\" data-id=\"da2139a\" data-element_type=\"widget\" data-widget_type=\"text-editor.default\">\n\t\t\t\t<div class=\"elementor-widget-container\">\n\t\t\t\t\t\t\t\t<h3><span style=\"font-weight: 400;\">Visitar el Centro de Cultura Contempor&aacute;nea de Barcelona (CCCB)<\/span><\/h3>\n<p><span style=\"font-weight: 400;\">El CCCB es uno de los grandes referentes culturales de la ciudad. Sus exposiciones temporales, centradas en temas sociales, urbanos o tecnol&oacute;gicos, lo convierten en un espacio perfecto para quienes buscan una mirada cr&iacute;tica y actual. Su patio interior, adem&aacute;s, es un lugar precioso para descansar un momento antes de continuar explorando <\/span><strong>el raval<\/strong><span style=\"font-weight: 400;\">.<\/span><\/p>\t\t\t\t\t\t<\/div>\n\t\t\t\t<\/div>\n\t\t\t\t\t<\/div>\n\t\t<\/div>\n\t\t\t\t\t\t\t<\/div>\n\t\t<\/section>\n\t\t\t\t<section class=\"elementor-section elementor-top-section elementor-element elementor-element-0ff29df elementor-section-boxed elementor-section-height-default elementor-section-height-default\" data-id=\"0ff29df\" data-element_type=\"section\">\n\t\t\t\t\t\t<div class=\"elementor-container elementor-column-gap-default\">\n\t\t\t\t\t<div class=\"elementor-column elementor-col-100 elementor-top-column elementor-element elementor-element-5110d6a\" data-id=\"5110d6a\" data-element_type=\"column\">\n\t\t\t<div class=\"elementor-widget-wrap elementor-element-populated\">\n\t\t\t\t\t\t\t\t<div class=\"elementor-element elementor-element-0736005 elementor-widget elementor-widget-image\" data-id=\"0736005\" data-element_type=\"widget\" data-widget_type=\"image.default\">\n\t\t\t\t<div class=\"elementor-widget-container\">\n\t\t\t\t\t\t\t\t\t\t\t\t\t\t\t<img loading=\"lazy\" decoding=\"async\" width=\"680\" height=\"510\" src=\"https:\/\/www.musikboutiquehotel.com\/wp-content\/uploads\/2025\/11\/cccb.jpg\" class=\"attachment-large size-large\" alt=\"Descubriendo el Raval: CCCB\" srcset=\"https:\/\/www.musikboutiquehotel.com\/wp-content\/uploads\/2025\/11\/cccb.jpg 680w, https:\/\/www.musikboutiquehotel.com\/wp-content\/uploads\/2025\/11\/cccb-300x225.jpg 300w, https:\/\/www.musikboutiquehotel.com\/wp-content\/uploads\/2025\/11\/cccb-615x461.jpg 615w\" sizes=\"auto, (max-width: 680px) 100vw, 680px\" \/>\t\t\t\t\t\t\t\t\t\t\t\t\t\t\t<\/div>\n\t\t\t\t<\/div>\n\t\t\t\t\t<\/div>\n\t\t<\/div>\n\t\t\t\t\t\t\t<\/div>\n\t\t<\/section>\n\t\t\t\t<section class=\"elementor-section elementor-top-section elementor-element elementor-element-6290756 elementor-section-boxed elementor-section-height-default elementor-section-height-default\" data-id=\"6290756\" data-element_type=\"section\">\n\t\t\t\t\t\t<div class=\"elementor-container elementor-column-gap-default\">\n\t\t\t\t\t<div class=\"elementor-column elementor-col-100 elementor-top-column elementor-element elementor-element-f9692ba\" data-id=\"f9692ba\" data-element_type=\"column\">\n\t\t\t<div class=\"elementor-widget-wrap elementor-element-populated\">\n\t\t\t\t\t\t\t\t<div class=\"elementor-element elementor-element-2f6a1b0 elementor-widget elementor-widget-text-editor\" data-id=\"2f6a1b0\" data-element_type=\"widget\" data-widget_type=\"text-editor.default\">\n\t\t\t\t<div class=\"elementor-widget-container\">\n\t\t\t\t\t\t\t\t<p><strong>Foto: Centro de Cultura Contempor&aacute;nea de Barcelona<\/strong><\/p>\n<h3><span style=\"font-weight: 400;\">Ir al Museo de Arte Contempor&aacute;neo de Barcelona (MACBA)<\/span><\/h3>\n<p><span style=\"font-weight: 400;\">El MACBA es una joya para amantes del arte moderno. El edificio blanco y geom&eacute;trico de Richard Meier contrasta con la arquitectura del barrio y se ha convertido en icono de la zona. Dentro encontrar&aacute;s obras que recorren la creaci&oacute;n art&iacute;stica desde los a&ntilde;os 50 hasta la actualidad. Y si vienes por la tarde, podr&aacute;s ver a los skaters que han convertido la plaza en su punto de encuentro.<\/span><\/p>\t\t\t\t\t\t<\/div>\n\t\t\t\t<\/div>\n\t\t\t\t\t<\/div>\n\t\t<\/div>\n\t\t\t\t\t\t\t<\/div>\n\t\t<\/section>\n\t\t\t\t<section class=\"elementor-section elementor-top-section elementor-element elementor-element-8de6667 elementor-section-boxed elementor-section-height-default elementor-section-height-default\" data-id=\"8de6667\" data-element_type=\"section\">\n\t\t\t\t\t\t<div class=\"elementor-container elementor-column-gap-default\">\n\t\t\t\t\t<div class=\"elementor-column elementor-col-100 elementor-top-column elementor-element elementor-element-f2c7163\" data-id=\"f2c7163\" data-element_type=\"column\">\n\t\t\t<div class=\"elementor-widget-wrap elementor-element-populated\">\n\t\t\t\t\t\t\t\t<div class=\"elementor-element elementor-element-a5b091b elementor-widget elementor-widget-image\" data-id=\"a5b091b\" data-element_type=\"widget\" data-widget_type=\"image.default\">\n\t\t\t\t<div class=\"elementor-widget-container\">\n\t\t\t\t\t\t\t\t\t\t\t\t\t\t\t<img loading=\"lazy\" decoding=\"async\" width=\"680\" height=\"510\" src=\"https:\/\/www.musikboutiquehotel.com\/wp-content\/uploads\/2025\/11\/macba.jpg\" class=\"attachment-large size-large\" alt=\"Descubriendo el Raval: MACBA\" srcset=\"https:\/\/www.musikboutiquehotel.com\/wp-content\/uploads\/2025\/11\/macba.jpg 680w, https:\/\/www.musikboutiquehotel.com\/wp-content\/uploads\/2025\/11\/macba-300x225.jpg 300w, https:\/\/www.musikboutiquehotel.com\/wp-content\/uploads\/2025\/11\/macba-615x461.jpg 615w\" sizes=\"auto, (max-width: 680px) 100vw, 680px\" \/>\t\t\t\t\t\t\t\t\t\t\t\t\t\t\t<\/div>\n\t\t\t\t<\/div>\n\t\t\t\t\t<\/div>\n\t\t<\/div>\n\t\t\t\t\t\t\t<\/div>\n\t\t<\/section>\n\t\t\t\t<section class=\"elementor-section elementor-top-section elementor-element elementor-element-dfd6aa8 elementor-section-boxed elementor-section-height-default elementor-section-height-default\" data-id=\"dfd6aa8\" data-element_type=\"section\">\n\t\t\t\t\t\t<div class=\"elementor-container elementor-column-gap-default\">\n\t\t\t\t\t<div class=\"elementor-column elementor-col-100 elementor-top-column elementor-element elementor-element-fc57df7\" data-id=\"fc57df7\" data-element_type=\"column\">\n\t\t\t<div class=\"elementor-widget-wrap elementor-element-populated\">\n\t\t\t\t\t\t\t\t<div class=\"elementor-element elementor-element-a4308b0 elementor-widget elementor-widget-text-editor\" data-id=\"a4308b0\" data-element_type=\"widget\" data-widget_type=\"text-editor.default\">\n\t\t\t\t<div class=\"elementor-widget-container\">\n\t\t\t\t\t\t\t\t<p><strong>Foto: Museo de Arte Contempor&aacute;neo de Barcelona<\/strong><\/p>\n<h3><span style=\"font-weight: 400;\">Dejarte cautivar por el Museo de las Ilusiones<\/span><\/h3>\n<p><span style=\"font-weight: 400;\">Un espacio divertido, sorprendente y perfecto para quienes buscan un plan ligero y creativo. Sus salas llenas de trampantojos y juegos visuales son ideales para desconectar y ver una faceta distinta del<\/span><strong> raval barcelona<\/strong><span style=\"font-weight: 400;\">.<\/span><\/p>\t\t\t\t\t\t<\/div>\n\t\t\t\t<\/div>\n\t\t\t\t\t<\/div>\n\t\t<\/div>\n\t\t\t\t\t\t\t<\/div>\n\t\t<\/section>\n\t\t\t\t<section class=\"elementor-section elementor-top-section elementor-element elementor-element-df6e58e elementor-section-boxed elementor-section-height-default elementor-section-height-default\" data-id=\"df6e58e\" data-element_type=\"section\">\n\t\t\t\t\t\t<div class=\"elementor-container elementor-column-gap-default\">\n\t\t\t\t\t<div class=\"elementor-column elementor-col-100 elementor-top-column elementor-element elementor-element-5aef92c\" data-id=\"5aef92c\" data-element_type=\"column\">\n\t\t\t<div class=\"elementor-widget-wrap elementor-element-populated\">\n\t\t\t\t\t\t\t\t<div class=\"elementor-element elementor-element-d13c7ca elementor-widget elementor-widget-image\" data-id=\"d13c7ca\" data-element_type=\"widget\" data-widget_type=\"image.default\">\n\t\t\t\t<div class=\"elementor-widget-container\">\n\t\t\t\t\t\t\t\t\t\t\t\t\t\t\t<img loading=\"lazy\" decoding=\"async\" width=\"683\" height=\"1024\" src=\"https:\/\/www.musikboutiquehotel.com\/wp-content\/uploads\/2025\/11\/museo-ilusiones-683x1024.jpg\" class=\"attachment-large size-large\" alt=\"Descubriendo el Raval: Museo de las ilusiones\" srcset=\"https:\/\/www.musikboutiquehotel.com\/wp-content\/uploads\/2025\/11\/museo-ilusiones-683x1024.jpg 683w, https:\/\/www.musikboutiquehotel.com\/wp-content\/uploads\/2025\/11\/museo-ilusiones-200x300.jpg 200w, https:\/\/www.musikboutiquehotel.com\/wp-content\/uploads\/2025\/11\/museo-ilusiones-768x1152.jpg 768w, https:\/\/www.musikboutiquehotel.com\/wp-content\/uploads\/2025\/11\/museo-ilusiones-1024x1536.jpg 1024w, https:\/\/www.musikboutiquehotel.com\/wp-content\/uploads\/2025\/11\/museo-ilusiones-1365x2048.jpg 1365w, https:\/\/www.musikboutiquehotel.com\/wp-content\/uploads\/2025\/11\/museo-ilusiones-615x923.jpg 615w, https:\/\/www.musikboutiquehotel.com\/wp-content\/uploads\/2025\/11\/museo-ilusiones-scaled.jpg 1707w\" sizes=\"auto, (max-width: 683px) 100vw, 683px\" \/>\t\t\t\t\t\t\t\t\t\t\t\t\t\t\t<\/div>\n\t\t\t\t<\/div>\n\t\t\t\t\t<\/div>\n\t\t<\/div>\n\t\t\t\t\t\t\t<\/div>\n\t\t<\/section>\n\t\t\t\t<section class=\"elementor-section elementor-top-section elementor-element elementor-element-21b7f52 elementor-section-boxed elementor-section-height-default elementor-section-height-default\" data-id=\"21b7f52\" data-element_type=\"section\">\n\t\t\t\t\t\t<div class=\"elementor-container elementor-column-gap-default\">\n\t\t\t\t\t<div class=\"elementor-column elementor-col-100 elementor-top-column elementor-element elementor-element-8c305da\" data-id=\"8c305da\" data-element_type=\"column\">\n\t\t\t<div class=\"elementor-widget-wrap elementor-element-populated\">\n\t\t\t\t\t\t\t\t<div class=\"elementor-element elementor-element-d9d27ee elementor-widget elementor-widget-text-editor\" data-id=\"d9d27ee\" data-element_type=\"widget\" data-widget_type=\"text-editor.default\">\n\t\t\t\t<div class=\"elementor-widget-container\">\n\t\t\t\t\t\t\t\t<p><strong>Foto: Museo de las Ilusiones<\/strong><\/p>\n<h3><span style=\"font-weight: 400;\">Disfrutar de las vistas 360&ordm; desde el mirador del Hotel Barcel&oacute;<\/span><\/h3>\n<p><span style=\"font-weight: 400;\">El mirador del Hotel Barcel&oacute; ofrece una de las panor&aacute;micas m&aacute;s sorprendentes del barrio y de toda Barcelona. Desde su terraza elevada, la ciudad se despliega con una claridad diferente: las calles del <\/span><strong>raval<\/strong><span style=\"font-weight: 400;\"> dibujan su entramado caracter&iacute;stico, los edificios hist&oacute;ricos conviven con la arquitectura moderna y el skyline mediterr&aacute;neo se abre camino en el horizonte. Es un lugar ideal para contemplar la mezcla de contrastes que define esta zona y una forma perfecta de observar <\/span><strong>qu&eacute; ver en el raval<\/strong><span style=\"font-weight: 400;\"> desde una perspectiva tranquila y privilegiada, especialmente al atardecer.<\/span><\/p>\t\t\t\t\t\t<\/div>\n\t\t\t\t<\/div>\n\t\t\t\t\t<\/div>\n\t\t<\/div>\n\t\t\t\t\t\t\t<\/div>\n\t\t<\/section>\n\t\t\t\t<section class=\"elementor-section elementor-top-section elementor-element elementor-element-adf4d81 elementor-section-boxed elementor-section-height-default elementor-section-height-default\" data-id=\"adf4d81\" data-element_type=\"section\">\n\t\t\t\t\t\t<div class=\"elementor-container elementor-column-gap-default\">\n\t\t\t\t\t<div class=\"elementor-column elementor-col-100 elementor-top-column elementor-element elementor-element-cac8af4\" data-id=\"cac8af4\" data-element_type=\"column\">\n\t\t\t<div class=\"elementor-widget-wrap elementor-element-populated\">\n\t\t\t\t\t\t\t\t<div class=\"elementor-element elementor-element-13788ee elementor-widget elementor-widget-image\" data-id=\"13788ee\" data-element_type=\"widget\" data-widget_type=\"image.default\">\n\t\t\t\t<div class=\"elementor-widget-container\">\n\t\t\t\t\t\t\t\t\t\t\t\t\t\t\t<img loading=\"lazy\" decoding=\"async\" width=\"680\" height=\"453\" src=\"https:\/\/www.musikboutiquehotel.com\/wp-content\/uploads\/2025\/11\/hotel-barcelo.jpg\" class=\"attachment-large size-large\" alt=\"Descubriendo el Raval: Hotel Barcel\u00f3\" srcset=\"https:\/\/www.musikboutiquehotel.com\/wp-content\/uploads\/2025\/11\/hotel-barcelo.jpg 680w, https:\/\/www.musikboutiquehotel.com\/wp-content\/uploads\/2025\/11\/hotel-barcelo-300x200.jpg 300w, https:\/\/www.musikboutiquehotel.com\/wp-content\/uploads\/2025\/11\/hotel-barcelo-615x410.jpg 615w\" sizes=\"auto, (max-width: 680px) 100vw, 680px\" \/>\t\t\t\t\t\t\t\t\t\t\t\t\t\t\t<\/div>\n\t\t\t\t<\/div>\n\t\t\t\t\t<\/div>\n\t\t<\/div>\n\t\t\t\t\t\t\t<\/div>\n\t\t<\/section>\n\t\t\t\t<section class=\"elementor-section elementor-top-section elementor-element elementor-element-e9f31e1 elementor-section-boxed elementor-section-height-default elementor-section-height-default\" data-id=\"e9f31e1\" data-element_type=\"section\">\n\t\t\t\t\t\t<div class=\"elementor-container elementor-column-gap-default\">\n\t\t\t\t\t<div class=\"elementor-column elementor-col-100 elementor-top-column elementor-element elementor-element-71cc32d\" data-id=\"71cc32d\" data-element_type=\"column\">\n\t\t\t<div class=\"elementor-widget-wrap elementor-element-populated\">\n\t\t\t\t\t\t\t\t<div class=\"elementor-element elementor-element-0735c33 elementor-widget elementor-widget-text-editor\" data-id=\"0735c33\" data-element_type=\"widget\" data-widget_type=\"text-editor.default\">\n\t\t\t\t<div class=\"elementor-widget-container\">\n\t\t\t\t\t\t\t\t<p><strong>Foto: Hotel Barcel&oacute;<\/strong><\/p>\n<p><span style=\"font-weight: 400;\">Y si te gustan los miradores, tambi&eacute;n puedes descubrir las mejores panor&aacute;micas con la gu&iacute;a de&nbsp;<\/span><a href=\"https:\/\/www.musikboutiquehotel.com\/es\/barcelona-de-noche-una-guia-de-las-mejores-vistas-de-la-ciudad\/\"><span style=\"font-weight: 400;\">Barcelona de noche<\/span><\/a><span style=\"font-weight: 400;\">.<\/span><\/p>\t\t\t\t\t\t<\/div>\n\t\t\t\t<\/div>\n\t\t\t\t\t<\/div>\n\t\t<\/div>\n\t\t\t\t\t\t\t<\/div>\n\t\t<\/section>\n\t\t\t\t<section class=\"elementor-section elementor-top-section elementor-element elementor-element-1436662 elementor-section-boxed elementor-section-height-default elementor-section-height-default\" data-id=\"1436662\" data-element_type=\"section\">\n\t\t\t\t\t\t<div class=\"elementor-container elementor-column-gap-default\">\n\t\t\t\t\t<div class=\"elementor-column elementor-col-100 elementor-top-column elementor-element elementor-element-67b5d6d\" data-id=\"67b5d6d\" data-element_type=\"column\">\n\t\t\t<div class=\"elementor-widget-wrap elementor-element-populated\">\n\t\t\t\t\t\t\t\t<div class=\"elementor-element elementor-element-c32b2f6 elementor-widget elementor-widget-heading\" data-id=\"c32b2f6\" data-element_type=\"widget\" data-widget_type=\"heading.default\">\n\t\t\t\t<div class=\"elementor-widget-container\">\n\t\t\t<h2 class=\"elementor-heading-title elementor-size-default\">Arquitectura y patrimonio hist\u00f3rico en el raval<\/h2>\t\t<\/div>\n\t\t\t\t<\/div>\n\t\t\t\t\t<\/div>\n\t\t<\/div>\n\t\t\t\t\t\t\t<\/div>\n\t\t<\/section>\n\t\t\t\t<section class=\"elementor-section elementor-top-section elementor-element elementor-element-2a0a6c0 elementor-section-boxed elementor-section-height-default elementor-section-height-default\" data-id=\"2a0a6c0\" data-element_type=\"section\">\n\t\t\t\t\t\t<div class=\"elementor-container elementor-column-gap-default\">\n\t\t\t\t\t<div class=\"elementor-column elementor-col-100 elementor-top-column elementor-element elementor-element-3d87ac0\" data-id=\"3d87ac0\" data-element_type=\"column\">\n\t\t\t<div class=\"elementor-widget-wrap elementor-element-populated\">\n\t\t\t\t\t\t\t\t<div class=\"elementor-element elementor-element-bc5b2b5 elementor-widget elementor-widget-text-editor\" data-id=\"bc5b2b5\" data-element_type=\"widget\" data-widget_type=\"text-editor.default\">\n\t\t\t\t<div class=\"elementor-widget-container\">\n\t\t\t\t\t\t\t\t<p><span style=\"font-weight: 400;\">El Raval tambi&eacute;n conserva edificios hist&oacute;ricos de gran relevancia. Conviven arquitectura g&oacute;tica, modernista, medieval y neocl&aacute;sica en un radio reducido. La ciudad est&aacute; llena de joyas arquitect&oacute;nicas, y esta gu&iacute;a de<\/span><a href=\"https:\/\/www.musikboutiquehotel.com\/es\/arquitectura-modernista-en-barcelona\/\"> <span style=\"font-weight: 400;\">arquitectura modernista<\/span><\/a><span style=\"font-weight: 400;\"> puede ayudarte a seguir ampliando horizontes.<\/span><\/p>\t\t\t\t\t\t<\/div>\n\t\t\t\t<\/div>\n\t\t\t\t\t<\/div>\n\t\t<\/div>\n\t\t\t\t\t\t\t<\/div>\n\t\t<\/section>\n\t\t\t\t<section class=\"elementor-section elementor-top-section elementor-element elementor-element-3d68ae4 elementor-section-boxed elementor-section-height-default elementor-section-height-default\" data-id=\"3d68ae4\" data-element_type=\"section\">\n\t\t\t\t\t\t<div class=\"elementor-container elementor-column-gap-default\">\n\t\t\t\t\t<div class=\"elementor-column elementor-col-100 elementor-top-column elementor-element elementor-element-e81d774\" data-id=\"e81d774\" data-element_type=\"column\">\n\t\t\t<div class=\"elementor-widget-wrap elementor-element-populated\">\n\t\t\t\t\t\t\t\t<div class=\"elementor-element elementor-element-94c7bc8 elementor-widget elementor-widget-text-editor\" data-id=\"94c7bc8\" data-element_type=\"widget\" data-widget_type=\"text-editor.default\">\n\t\t\t\t<div class=\"elementor-widget-container\">\n\t\t\t\t\t\t\t\t<h3><span style=\"font-weight: 400;\">Observar la arquitectura del Palacio de la Virreina<\/span><\/h3>\n<p><span style=\"font-weight: 400;\">El Palacio de la Virreina, en La Rambla, es uno de los ejemplos m&aacute;s elegantes de barroco catal&aacute;n. Hoy acoge exposiciones y actividades culturales, pero su patio interior es un rinc&oacute;n precioso para detenerse y ver la ciudad pasar.<\/span><\/p>\t\t\t\t\t\t<\/div>\n\t\t\t\t<\/div>\n\t\t\t\t\t<\/div>\n\t\t<\/div>\n\t\t\t\t\t\t\t<\/div>\n\t\t<\/section>\n\t\t\t\t<section class=\"elementor-section elementor-top-section elementor-element elementor-element-1100c77 elementor-section-boxed elementor-section-height-default elementor-section-height-default\" data-id=\"1100c77\" data-element_type=\"section\">\n\t\t\t\t\t\t<div class=\"elementor-container elementor-column-gap-default\">\n\t\t\t\t\t<div class=\"elementor-column elementor-col-100 elementor-top-column elementor-element elementor-element-f9251c9\" data-id=\"f9251c9\" data-element_type=\"column\">\n\t\t\t<div class=\"elementor-widget-wrap elementor-element-populated\">\n\t\t\t\t\t\t\t\t<div class=\"elementor-element elementor-element-739b0f3 elementor-widget elementor-widget-image\" data-id=\"739b0f3\" data-element_type=\"widget\" data-widget_type=\"image.default\">\n\t\t\t\t<div class=\"elementor-widget-container\">\n\t\t\t\t\t\t\t\t\t\t\t\t\t\t\t<img loading=\"lazy\" decoding=\"async\" width=\"680\" height=\"510\" src=\"https:\/\/www.musikboutiquehotel.com\/wp-content\/uploads\/2025\/11\/palacio-virreina.jpg\" class=\"attachment-large size-large\" alt=\"Descubriendo el Raval: Palacio de la Virreina\" srcset=\"https:\/\/www.musikboutiquehotel.com\/wp-content\/uploads\/2025\/11\/palacio-virreina.jpg 680w, https:\/\/www.musikboutiquehotel.com\/wp-content\/uploads\/2025\/11\/palacio-virreina-300x225.jpg 300w, https:\/\/www.musikboutiquehotel.com\/wp-content\/uploads\/2025\/11\/palacio-virreina-615x461.jpg 615w\" sizes=\"auto, (max-width: 680px) 100vw, 680px\" \/>\t\t\t\t\t\t\t\t\t\t\t\t\t\t\t<\/div>\n\t\t\t\t<\/div>\n\t\t\t\t\t<\/div>\n\t\t<\/div>\n\t\t\t\t\t\t\t<\/div>\n\t\t<\/section>\n\t\t\t\t<section class=\"elementor-section elementor-top-section elementor-element elementor-element-f63bb44 elementor-section-boxed elementor-section-height-default elementor-section-height-default\" data-id=\"f63bb44\" data-element_type=\"section\">\n\t\t\t\t\t\t<div class=\"elementor-container elementor-column-gap-default\">\n\t\t\t\t\t<div class=\"elementor-column elementor-col-100 elementor-top-column elementor-element elementor-element-ad8ab17\" data-id=\"ad8ab17\" data-element_type=\"column\">\n\t\t\t<div class=\"elementor-widget-wrap elementor-element-populated\">\n\t\t\t\t\t\t\t\t<div class=\"elementor-element elementor-element-a2c6b5f elementor-widget elementor-widget-text-editor\" data-id=\"a2c6b5f\" data-element_type=\"widget\" data-widget_type=\"text-editor.default\">\n\t\t\t\t<div class=\"elementor-widget-container\">\n\t\t\t\t\t\t\t\t<p><strong>Foto: Palacio de la Virreina<\/strong><\/p>\n<h3><span style=\"font-weight: 400;\">Palau G&uuml;ell<\/span><\/h3>\n<p><span style=\"font-weight: 400;\">El Palau G&uuml;ell, dise&ntilde;ado por Gaud&iacute;, es una obra maestra que sorprende incluso a quienes ya conocen su trabajo. Este palacio modernista combina artesan&iacute;a y geometr&iacute;a en cada detalle. Su azotea es una de las m&aacute;s singulares del arquitecto, con chimeneas coloridas que parecen esculturas.<\/span><\/p>\t\t\t\t\t\t<\/div>\n\t\t\t\t<\/div>\n\t\t\t\t\t<\/div>\n\t\t<\/div>\n\t\t\t\t\t\t\t<\/div>\n\t\t<\/section>\n\t\t\t\t<section class=\"elementor-section elementor-top-section elementor-element elementor-element-2605fce elementor-section-boxed elementor-section-height-default elementor-section-height-default\" data-id=\"2605fce\" data-element_type=\"section\">\n\t\t\t\t\t\t<div class=\"elementor-container elementor-column-gap-default\">\n\t\t\t\t\t<div class=\"elementor-column elementor-col-100 elementor-top-column elementor-element elementor-element-46a373c\" data-id=\"46a373c\" data-element_type=\"column\">\n\t\t\t<div class=\"elementor-widget-wrap elementor-element-populated\">\n\t\t\t\t\t\t\t\t<div class=\"elementor-element elementor-element-0614bec elementor-widget elementor-widget-image\" data-id=\"0614bec\" data-element_type=\"widget\" data-widget_type=\"image.default\">\n\t\t\t\t<div class=\"elementor-widget-container\">\n\t\t\t\t\t\t\t\t\t\t\t\t\t\t\t<img loading=\"lazy\" decoding=\"async\" width=\"456\" height=\"510\" src=\"https:\/\/www.musikboutiquehotel.com\/wp-content\/uploads\/2025\/11\/palau-guell.jpg\" class=\"attachment-large size-large\" alt=\"Descubriendo el Raval: Palau G\u00fcell\" srcset=\"https:\/\/www.musikboutiquehotel.com\/wp-content\/uploads\/2025\/11\/palau-guell.jpg 456w, https:\/\/www.musikboutiquehotel.com\/wp-content\/uploads\/2025\/11\/palau-guell-268x300.jpg 268w\" sizes=\"auto, (max-width: 456px) 100vw, 456px\" \/>\t\t\t\t\t\t\t\t\t\t\t\t\t\t\t<\/div>\n\t\t\t\t<\/div>\n\t\t\t\t\t<\/div>\n\t\t<\/div>\n\t\t\t\t\t\t\t<\/div>\n\t\t<\/section>\n\t\t\t\t<section class=\"elementor-section elementor-top-section elementor-element elementor-element-b7e8969 elementor-section-boxed elementor-section-height-default elementor-section-height-default\" data-id=\"b7e8969\" data-element_type=\"section\">\n\t\t\t\t\t\t<div class=\"elementor-container elementor-column-gap-default\">\n\t\t\t\t\t<div class=\"elementor-column elementor-col-100 elementor-top-column elementor-element elementor-element-b9085a7\" data-id=\"b9085a7\" data-element_type=\"column\">\n\t\t\t<div class=\"elementor-widget-wrap elementor-element-populated\">\n\t\t\t\t\t\t\t\t<div class=\"elementor-element elementor-element-f0145ff elementor-widget elementor-widget-text-editor\" data-id=\"f0145ff\" data-element_type=\"widget\" data-widget_type=\"text-editor.default\">\n\t\t\t\t<div class=\"elementor-widget-container\">\n\t\t\t\t\t\t\t\t<p><strong>Foto: Palau G&uuml;ell<\/strong><\/p>\n<h3><span style=\"font-weight: 400;\">Antiguo Hospital de la Santa Creu<\/span><\/h3>\n<p><span style=\"font-weight: 400;\">Este conjunto medieval, situado junto a la Biblioteca de Catalunya, es una maravilla poco conocida. Su gran patio central y sus arcos g&oacute;ticos lo convierten en un oasis de calma en plena ciudad. Aqu&iacute; se respira historia: fue hospital durante siglos y hoy alberga instituciones culturales.<\/span><\/p>\t\t\t\t\t\t<\/div>\n\t\t\t\t<\/div>\n\t\t\t\t\t<\/div>\n\t\t<\/div>\n\t\t\t\t\t\t\t<\/div>\n\t\t<\/section>\n\t\t\t\t<section class=\"elementor-section elementor-top-section elementor-element elementor-element-bfdb29c elementor-section-boxed elementor-section-height-default elementor-section-height-default\" data-id=\"bfdb29c\" data-element_type=\"section\">\n\t\t\t\t\t\t<div class=\"elementor-container elementor-column-gap-default\">\n\t\t\t\t\t<div class=\"elementor-column elementor-col-100 elementor-top-column elementor-element elementor-element-000f768\" data-id=\"000f768\" data-element_type=\"column\">\n\t\t\t<div class=\"elementor-widget-wrap elementor-element-populated\">\n\t\t\t\t\t\t\t\t<div class=\"elementor-element elementor-element-93183a5 elementor-widget elementor-widget-image\" data-id=\"93183a5\" data-element_type=\"widget\" data-widget_type=\"image.default\">\n\t\t\t\t<div class=\"elementor-widget-container\">\n\t\t\t\t\t\t\t\t\t\t\t\t\t\t\t<img loading=\"lazy\" decoding=\"async\" width=\"680\" height=\"510\" src=\"https:\/\/www.musikboutiquehotel.com\/wp-content\/uploads\/2025\/11\/antiguo-hospital-santa-creu.jpg\" class=\"attachment-large size-large\" alt=\"Descubriendo el Raval: Antiguo Hospital Santa Creu\" srcset=\"https:\/\/www.musikboutiquehotel.com\/wp-content\/uploads\/2025\/11\/antiguo-hospital-santa-creu.jpg 680w, https:\/\/www.musikboutiquehotel.com\/wp-content\/uploads\/2025\/11\/antiguo-hospital-santa-creu-300x225.jpg 300w, https:\/\/www.musikboutiquehotel.com\/wp-content\/uploads\/2025\/11\/antiguo-hospital-santa-creu-615x461.jpg 615w\" sizes=\"auto, (max-width: 680px) 100vw, 680px\" \/>\t\t\t\t\t\t\t\t\t\t\t\t\t\t\t<\/div>\n\t\t\t\t<\/div>\n\t\t\t\t\t<\/div>\n\t\t<\/div>\n\t\t\t\t\t\t\t<\/div>\n\t\t<\/section>\n\t\t\t\t<section class=\"elementor-section elementor-top-section elementor-element elementor-element-a40dea5 elementor-section-boxed elementor-section-height-default elementor-section-height-default\" data-id=\"a40dea5\" data-element_type=\"section\">\n\t\t\t\t\t\t<div class=\"elementor-container elementor-column-gap-default\">\n\t\t\t\t\t<div class=\"elementor-column elementor-col-100 elementor-top-column elementor-element elementor-element-994a6d2\" data-id=\"994a6d2\" data-element_type=\"column\">\n\t\t\t<div class=\"elementor-widget-wrap elementor-element-populated\">\n\t\t\t\t\t\t\t\t<div class=\"elementor-element elementor-element-6b1fb6a elementor-widget elementor-widget-text-editor\" data-id=\"6b1fb6a\" data-element_type=\"widget\" data-widget_type=\"text-editor.default\">\n\t\t\t\t<div class=\"elementor-widget-container\">\n\t\t\t\t\t\t\t\t<p><strong>Foto: Antiguo Hospital de la Santa Creu<\/strong><\/p>\n<h3><span style=\"font-weight: 400;\">Ir al monumento de Crist&oacute;bal Col&oacute;n<\/span><\/h3>\n<p><span style=\"font-weight: 400;\">Justo donde termina La Rambla se encuentra el monumento a Col&oacute;n. Aunque muchos viajeros pasan sin detenerse, subir en su ascensor interior es una experiencia divertida que ofrece una bonita vista sobre el puerto y la entrada al<\/span><strong> raval<\/strong><span style=\"font-weight: 400;\">.<\/span><\/p>\t\t\t\t\t\t<\/div>\n\t\t\t\t<\/div>\n\t\t\t\t\t<\/div>\n\t\t<\/div>\n\t\t\t\t\t\t\t<\/div>\n\t\t<\/section>\n\t\t\t\t<section class=\"elementor-section elementor-top-section elementor-element elementor-element-6fe9553 elementor-section-boxed elementor-section-height-default elementor-section-height-default\" data-id=\"6fe9553\" data-element_type=\"section\">\n\t\t\t\t\t\t<div class=\"elementor-container elementor-column-gap-default\">\n\t\t\t\t\t<div class=\"elementor-column elementor-col-100 elementor-top-column elementor-element elementor-element-d1a82ab\" data-id=\"d1a82ab\" data-element_type=\"column\">\n\t\t\t<div class=\"elementor-widget-wrap elementor-element-populated\">\n\t\t\t\t\t\t\t\t<div class=\"elementor-element elementor-element-bd5c7e0 elementor-widget elementor-widget-image\" data-id=\"bd5c7e0\" data-element_type=\"widget\" data-widget_type=\"image.default\">\n\t\t\t\t<div class=\"elementor-widget-container\">\n\t\t\t\t\t\t\t\t\t\t\t\t\t\t\t<img loading=\"lazy\" decoding=\"async\" width=\"678\" height=\"1024\" src=\"https:\/\/www.musikboutiquehotel.com\/wp-content\/uploads\/2025\/11\/monumento-cristobal-colon-678x1024.jpg\" class=\"attachment-large size-large\" alt=\"Descubriendo el Raval: Monumento Crist\u00f3bal Colon\" srcset=\"https:\/\/www.musikboutiquehotel.com\/wp-content\/uploads\/2025\/11\/monumento-cristobal-colon-678x1024.jpg 678w, https:\/\/www.musikboutiquehotel.com\/wp-content\/uploads\/2025\/11\/monumento-cristobal-colon-199x300.jpg 199w, https:\/\/www.musikboutiquehotel.com\/wp-content\/uploads\/2025\/11\/monumento-cristobal-colon-768x1159.jpg 768w, https:\/\/www.musikboutiquehotel.com\/wp-content\/uploads\/2025\/11\/monumento-cristobal-colon-1017x1536.jpg 1017w, https:\/\/www.musikboutiquehotel.com\/wp-content\/uploads\/2025\/11\/monumento-cristobal-colon-1357x2048.jpg 1357w, https:\/\/www.musikboutiquehotel.com\/wp-content\/uploads\/2025\/11\/monumento-cristobal-colon-615x928.jpg 615w, https:\/\/www.musikboutiquehotel.com\/wp-content\/uploads\/2025\/11\/monumento-cristobal-colon-scaled.jpg 1696w\" sizes=\"auto, (max-width: 678px) 100vw, 678px\" \/>\t\t\t\t\t\t\t\t\t\t\t\t\t\t\t<\/div>\n\t\t\t\t<\/div>\n\t\t\t\t\t<\/div>\n\t\t<\/div>\n\t\t\t\t\t\t\t<\/div>\n\t\t<\/section>\n\t\t\t\t<section class=\"elementor-section elementor-top-section elementor-element elementor-element-cf12c1c elementor-section-boxed elementor-section-height-default elementor-section-height-default\" data-id=\"cf12c1c\" data-element_type=\"section\">\n\t\t\t\t\t\t<div class=\"elementor-container elementor-column-gap-default\">\n\t\t\t\t\t<div class=\"elementor-column elementor-col-100 elementor-top-column elementor-element elementor-element-1532cd2\" data-id=\"1532cd2\" data-element_type=\"column\">\n\t\t\t<div class=\"elementor-widget-wrap elementor-element-populated\">\n\t\t\t\t\t\t\t\t<div class=\"elementor-element elementor-element-3ff7bdc elementor-widget elementor-widget-text-editor\" data-id=\"3ff7bdc\" data-element_type=\"widget\" data-widget_type=\"text-editor.default\">\n\t\t\t\t<div class=\"elementor-widget-container\">\n\t\t\t\t\t\t\t\t<p><strong>Foto: Monumento de Crist&oacute;bal Col&oacute;n<\/strong><\/p>\t\t\t\t\t\t<\/div>\n\t\t\t\t<\/div>\n\t\t\t\t\t<\/div>\n\t\t<\/div>\n\t\t\t\t\t\t\t<\/div>\n\t\t<\/section>\n\t\t\t\t<section class=\"elementor-section elementor-top-section elementor-element elementor-element-944a0c4 elementor-section-boxed elementor-section-height-default elementor-section-height-default\" data-id=\"944a0c4\" data-element_type=\"section\">\n\t\t\t\t\t\t<div class=\"elementor-container elementor-column-gap-default\">\n\t\t\t\t\t<div class=\"elementor-column elementor-col-100 elementor-top-column elementor-element elementor-element-c3d7264\" data-id=\"c3d7264\" data-element_type=\"column\">\n\t\t\t<div class=\"elementor-widget-wrap elementor-element-populated\">\n\t\t\t\t\t\t\t\t<div class=\"elementor-element elementor-element-a28cdde elementor-widget elementor-widget-heading\" data-id=\"a28cdde\" data-element_type=\"widget\" data-widget_type=\"heading.default\">\n\t\t\t\t<div class=\"elementor-widget-container\">\n\t\t\t<h2 class=\"elementor-heading-title elementor-size-default\">Espacios religiosos y monumentales en el raval<\/h2>\t\t<\/div>\n\t\t\t\t<\/div>\n\t\t\t\t\t<\/div>\n\t\t<\/div>\n\t\t\t\t\t\t\t<\/div>\n\t\t<\/section>\n\t\t\t\t<section class=\"elementor-section elementor-top-section elementor-element elementor-element-ab0afa1 elementor-section-boxed elementor-section-height-default elementor-section-height-default\" data-id=\"ab0afa1\" data-element_type=\"section\">\n\t\t\t\t\t\t<div class=\"elementor-container elementor-column-gap-default\">\n\t\t\t\t\t<div class=\"elementor-column elementor-col-100 elementor-top-column elementor-element elementor-element-198183d\" data-id=\"198183d\" data-element_type=\"column\">\n\t\t\t<div class=\"elementor-widget-wrap elementor-element-populated\">\n\t\t\t\t\t\t\t\t<div class=\"elementor-element elementor-element-bf2bf61 elementor-widget elementor-widget-text-editor\" data-id=\"bf2bf61\" data-element_type=\"widget\" data-widget_type=\"text-editor.default\">\n\t\t\t\t<div class=\"elementor-widget-container\">\n\t\t\t\t\t\t\t\t<p><span style=\"font-weight: 400;\">Entre las calles m&aacute;s antiguas del barrio se esconden algunos de los monumentos m&aacute;s importantes de la Barcelona medieval. Son espacios perfectos para bajar el ritmo, observar y dejarse envolver por siglos de historia.<\/span><\/p>\t\t\t\t\t\t<\/div>\n\t\t\t\t<\/div>\n\t\t\t\t\t<\/div>\n\t\t<\/div>\n\t\t\t\t\t\t\t<\/div>\n\t\t<\/section>\n\t\t\t\t<section class=\"elementor-section elementor-top-section elementor-element elementor-element-49bc3bf elementor-section-boxed elementor-section-height-default elementor-section-height-default\" data-id=\"49bc3bf\" data-element_type=\"section\">\n\t\t\t\t\t\t<div class=\"elementor-container elementor-column-gap-default\">\n\t\t\t\t\t<div class=\"elementor-column elementor-col-100 elementor-top-column elementor-element elementor-element-9bde029\" data-id=\"9bde029\" data-element_type=\"column\">\n\t\t\t<div class=\"elementor-widget-wrap elementor-element-populated\">\n\t\t\t\t\t\t\t\t<div class=\"elementor-element elementor-element-2f48e3f elementor-widget elementor-widget-text-editor\" data-id=\"2f48e3f\" data-element_type=\"widget\" data-widget_type=\"text-editor.default\">\n\t\t\t\t<div class=\"elementor-widget-container\">\n\t\t\t\t\t\t\t\t<h3><span style=\"font-weight: 400;\">Entrar al monasterio Sant Pau del Camp<\/span><\/h3>\n<p><span style=\"font-weight: 400;\">Sant Pau del Camp es una de las joyas rom&aacute;nicas m&aacute;s valiosas de la ciudad. Su claustro peque&ntilde;o y de proporciones perfectas es uno de esos lugares donde el silencio se convierte en protagonista. Visitarlo es una experiencia preciosa para quienes buscan un momento de pausa en <\/span><strong>el raval barcelona<\/strong><span style=\"font-weight: 400;\">.<\/span><\/p>\t\t\t\t\t\t<\/div>\n\t\t\t\t<\/div>\n\t\t\t\t\t<\/div>\n\t\t<\/div>\n\t\t\t\t\t\t\t<\/div>\n\t\t<\/section>\n\t\t\t\t<section class=\"elementor-section elementor-top-section elementor-element elementor-element-29b6e6b elementor-section-boxed elementor-section-height-default elementor-section-height-default\" data-id=\"29b6e6b\" data-element_type=\"section\">\n\t\t\t\t\t\t<div class=\"elementor-container elementor-column-gap-default\">\n\t\t\t\t\t<div class=\"elementor-column elementor-col-100 elementor-top-column elementor-element elementor-element-3ef50e3\" data-id=\"3ef50e3\" data-element_type=\"column\">\n\t\t\t<div class=\"elementor-widget-wrap elementor-element-populated\">\n\t\t\t\t\t\t\t\t<div class=\"elementor-element elementor-element-3185884 elementor-widget elementor-widget-image\" data-id=\"3185884\" data-element_type=\"widget\" data-widget_type=\"image.default\">\n\t\t\t\t<div class=\"elementor-widget-container\">\n\t\t\t\t\t\t\t\t\t\t\t\t\t\t\t<img loading=\"lazy\" decoding=\"async\" width=\"250\" height=\"200\" src=\"https:\/\/www.musikboutiquehotel.com\/wp-content\/uploads\/2025\/11\/St_Pau_del_Camp-1.jpg\" class=\"attachment-large size-large\" alt=\"Descubriendo el Raval: Sant Pau del Camp\" \/>\t\t\t\t\t\t\t\t\t\t\t\t\t\t\t<\/div>\n\t\t\t\t<\/div>\n\t\t\t\t\t<\/div>\n\t\t<\/div>\n\t\t\t\t\t\t\t<\/div>\n\t\t<\/section>\n\t\t\t\t<section class=\"elementor-section elementor-top-section elementor-element elementor-element-a20c238 elementor-section-boxed elementor-section-height-default elementor-section-height-default\" data-id=\"a20c238\" data-element_type=\"section\">\n\t\t\t\t\t\t<div class=\"elementor-container elementor-column-gap-default\">\n\t\t\t\t\t<div class=\"elementor-column elementor-col-100 elementor-top-column elementor-element elementor-element-9109517\" data-id=\"9109517\" data-element_type=\"column\">\n\t\t\t<div class=\"elementor-widget-wrap elementor-element-populated\">\n\t\t\t\t\t\t\t\t<div class=\"elementor-element elementor-element-c88333f elementor-widget elementor-widget-text-editor\" data-id=\"c88333f\" data-element_type=\"widget\" data-widget_type=\"text-editor.default\">\n\t\t\t\t<div class=\"elementor-widget-container\">\n\t\t\t\t\t\t\t\t<p><strong>Foto: Monasterio Sant Pau del Camp<\/strong><\/p>\n<h3><span style=\"font-weight: 400;\">Hacer una visita guiada por el Museo Mar&iacute;timo de Barcelona<\/span><\/h3>\n<p><span style=\"font-weight: 400;\">El Museo Mar&iacute;timo, situado en las Reales Atarazanas, es un edificio g&oacute;tico absolutamente impresionante. Las antiguas naves donde se constru&iacute;an galeras hoy albergan exposiciones mar&iacute;timas, maquetas y embarcaciones hist&oacute;ricas. Su arquitectura, su olor a madera y su amplitud lo convierten en una de esas visitas que sorprenden a todo el mundo.<\/span><\/p>\t\t\t\t\t\t<\/div>\n\t\t\t\t<\/div>\n\t\t\t\t\t<\/div>\n\t\t<\/div>\n\t\t\t\t\t\t\t<\/div>\n\t\t<\/section>\n\t\t\t\t<section class=\"elementor-section elementor-top-section elementor-element elementor-element-9cbb5e7 elementor-section-boxed elementor-section-height-default elementor-section-height-default\" data-id=\"9cbb5e7\" data-element_type=\"section\">\n\t\t\t\t\t\t<div class=\"elementor-container elementor-column-gap-default\">\n\t\t\t\t\t<div class=\"elementor-column elementor-col-100 elementor-top-column elementor-element elementor-element-5952b9d\" data-id=\"5952b9d\" data-element_type=\"column\">\n\t\t\t<div class=\"elementor-widget-wrap elementor-element-populated\">\n\t\t\t\t\t\t\t\t<div class=\"elementor-element elementor-element-90250aa elementor-widget elementor-widget-image\" data-id=\"90250aa\" data-element_type=\"widget\" data-widget_type=\"image.default\">\n\t\t\t\t<div class=\"elementor-widget-container\">\n\t\t\t\t\t\t\t\t\t\t\t\t\t\t\t<img loading=\"lazy\" decoding=\"async\" width=\"680\" height=\"510\" src=\"https:\/\/www.musikboutiquehotel.com\/wp-content\/uploads\/2025\/11\/barcelona-museo-maritimo.jpg\" class=\"attachment-large size-large\" alt=\"Descubriendo el Raval: Museo Mar\u00edtimo\" srcset=\"https:\/\/www.musikboutiquehotel.com\/wp-content\/uploads\/2025\/11\/barcelona-museo-maritimo.jpg 680w, https:\/\/www.musikboutiquehotel.com\/wp-content\/uploads\/2025\/11\/barcelona-museo-maritimo-300x225.jpg 300w, https:\/\/www.musikboutiquehotel.com\/wp-content\/uploads\/2025\/11\/barcelona-museo-maritimo-615x461.jpg 615w\" sizes=\"auto, (max-width: 680px) 100vw, 680px\" \/>\t\t\t\t\t\t\t\t\t\t\t\t\t\t\t<\/div>\n\t\t\t\t<\/div>\n\t\t\t\t\t<\/div>\n\t\t<\/div>\n\t\t\t\t\t\t\t<\/div>\n\t\t<\/section>\n\t\t\t\t<section class=\"elementor-section elementor-top-section elementor-element elementor-element-3285f69 elementor-section-boxed elementor-section-height-default elementor-section-height-default\" data-id=\"3285f69\" data-element_type=\"section\">\n\t\t\t\t\t\t<div class=\"elementor-container elementor-column-gap-default\">\n\t\t\t\t\t<div class=\"elementor-column elementor-col-100 elementor-top-column elementor-element elementor-element-6f2622a\" data-id=\"6f2622a\" data-element_type=\"column\">\n\t\t\t<div class=\"elementor-widget-wrap elementor-element-populated\">\n\t\t\t\t\t\t\t\t<div class=\"elementor-element elementor-element-5b221c0 elementor-widget elementor-widget-text-editor\" data-id=\"5b221c0\" data-element_type=\"widget\" data-widget_type=\"text-editor.default\">\n\t\t\t\t<div class=\"elementor-widget-container\">\n\t\t\t\t\t\t\t\t<p><strong>Foto: Museo Mar&iacute;timo de Barcelona<\/strong><\/p>\t\t\t\t\t\t<\/div>\n\t\t\t\t<\/div>\n\t\t\t\t\t<\/div>\n\t\t<\/div>\n\t\t\t\t\t\t\t<\/div>\n\t\t<\/section>\n\t\t\t\t<section class=\"elementor-section elementor-top-section elementor-element elementor-element-cb80687 elementor-section-boxed elementor-section-height-default elementor-section-height-default\" data-id=\"cb80687\" data-element_type=\"section\">\n\t\t\t\t\t\t<div class=\"elementor-container elementor-column-gap-default\">\n\t\t\t\t\t<div class=\"elementor-column elementor-col-100 elementor-top-column elementor-element elementor-element-f017d29\" data-id=\"f017d29\" data-element_type=\"column\">\n\t\t\t<div class=\"elementor-widget-wrap elementor-element-populated\">\n\t\t\t\t\t\t\t\t<div class=\"elementor-element elementor-element-915f115 elementor-widget elementor-widget-heading\" data-id=\"915f115\" data-element_type=\"widget\" data-widget_type=\"heading.default\">\n\t\t\t\t<div class=\"elementor-widget-container\">\n\t\t\t<h2 class=\"elementor-heading-title elementor-size-default\">Gastronom\u00eda y vida local en el raval<\/h2>\t\t<\/div>\n\t\t\t\t<\/div>\n\t\t\t\t\t<\/div>\n\t\t<\/div>\n\t\t\t\t\t\t\t<\/div>\n\t\t<\/section>\n\t\t\t\t<section class=\"elementor-section elementor-top-section elementor-element elementor-element-5d86781 elementor-section-boxed elementor-section-height-default elementor-section-height-default\" data-id=\"5d86781\" data-element_type=\"section\">\n\t\t\t\t\t\t<div class=\"elementor-container elementor-column-gap-default\">\n\t\t\t\t\t<div class=\"elementor-column elementor-col-100 elementor-top-column elementor-element elementor-element-3bc14d4\" data-id=\"3bc14d4\" data-element_type=\"column\">\n\t\t\t<div class=\"elementor-widget-wrap elementor-element-populated\">\n\t\t\t\t\t\t\t\t<div class=\"elementor-element elementor-element-af03cb9 elementor-widget elementor-widget-text-editor\" data-id=\"af03cb9\" data-element_type=\"widget\" data-widget_type=\"text-editor.default\">\n\t\t\t\t<div class=\"elementor-widget-container\">\n\t\t\t\t\t\t\t\t<p><span style=\"font-weight: 400;\">El Raval es tambi&eacute;n un punto clave para quienes disfrutan probando sabores. Bares tradicionales, mercados emblem&aacute;ticos, cocinas del mundo y propuestas innovadoras dibujan un mapa gastron&oacute;mico vibrante. Para seguir explorando opciones culinarias, puedes consultar los<\/span><a href=\"https:\/\/www.musikboutiquehotel.com\/es\/mejores-restaurantes-en-el-born\/\"> <span style=\"font-weight: 400;\">mejores restaurantes del Born<\/span><\/a><span style=\"font-weight: 400;\"> o esta gu&iacute;a de<\/span><a href=\"https:\/\/www.musikboutiquehotel.com\/es\/street-food-en-barcelona-mejor-comida-callejera\/\"> <span style=\"font-weight: 400;\">comida callejera<\/span><\/a><span style=\"font-weight: 400;\">.<\/span><\/p>\t\t\t\t\t\t<\/div>\n\t\t\t\t<\/div>\n\t\t\t\t\t<\/div>\n\t\t<\/div>\n\t\t\t\t\t\t\t<\/div>\n\t\t<\/section>\n\t\t\t\t<section class=\"elementor-section elementor-top-section elementor-element elementor-element-cc02c33 elementor-section-boxed elementor-section-height-default elementor-section-height-default\" data-id=\"cc02c33\" data-element_type=\"section\">\n\t\t\t\t\t\t<div class=\"elementor-container elementor-column-gap-default\">\n\t\t\t\t\t<div class=\"elementor-column elementor-col-100 elementor-top-column elementor-element elementor-element-b3f1755\" data-id=\"b3f1755\" data-element_type=\"column\">\n\t\t\t<div class=\"elementor-widget-wrap elementor-element-populated\">\n\t\t\t\t\t\t\t\t<div class=\"elementor-element elementor-element-4f8c426 elementor-widget elementor-widget-text-editor\" data-id=\"4f8c426\" data-element_type=\"widget\" data-widget_type=\"text-editor.default\">\n\t\t\t\t<div class=\"elementor-widget-container\">\n\t\t\t\t\t\t\t\t<h3><span style=\"font-weight: 400;\">Ir a comer al Mercado de la Boqueria<\/span><\/h3>\n<p><span style=\"font-weight: 400;\">La Boqueria es un estallido de color, aromas y sabores. Es uno de los mercados m&aacute;s conocidos de Europa, pero conserva una esencia local que sigue viva en cada puesto. Probar fruta fresca, sentarse en una barra o pedir un zumo reci&eacute;n hecho es una experiencia que todo visitante deber&iacute;a vivir. Es uno de los imprescindibles si te est&aacute;s preguntando <\/span><strong>qu&eacute; ver en el raval<\/strong><span style=\"font-weight: 400;\">.<\/span><\/p>\t\t\t\t\t\t<\/div>\n\t\t\t\t<\/div>\n\t\t\t\t\t<\/div>\n\t\t<\/div>\n\t\t\t\t\t\t\t<\/div>\n\t\t<\/section>\n\t\t\t\t<section class=\"elementor-section elementor-top-section elementor-element elementor-element-55277bb elementor-section-boxed elementor-section-height-default elementor-section-height-default\" data-id=\"55277bb\" data-element_type=\"section\">\n\t\t\t\t\t\t<div class=\"elementor-container elementor-column-gap-default\">\n\t\t\t\t\t<div class=\"elementor-column elementor-col-100 elementor-top-column elementor-element elementor-element-2bd5cb1\" data-id=\"2bd5cb1\" data-element_type=\"column\">\n\t\t\t<div class=\"elementor-widget-wrap elementor-element-populated\">\n\t\t\t\t\t\t\t\t<div class=\"elementor-element elementor-element-724a2c1 elementor-widget elementor-widget-image\" data-id=\"724a2c1\" data-element_type=\"widget\" data-widget_type=\"image.default\">\n\t\t\t\t<div class=\"elementor-widget-container\">\n\t\t\t\t\t\t\t\t\t\t\t\t\t\t\t<img loading=\"lazy\" decoding=\"async\" width=\"850\" height=\"567\" src=\"https:\/\/www.musikboutiquehotel.com\/wp-content\/uploads\/2025\/11\/mercado-boqueria-1024x683.jpg\" class=\"attachment-large size-large\" alt=\"Descubriendo el Raval: Mercado de la Boqueria\" srcset=\"https:\/\/www.musikboutiquehotel.com\/wp-content\/uploads\/2025\/11\/mercado-boqueria-1024x683.jpg 1024w, https:\/\/www.musikboutiquehotel.com\/wp-content\/uploads\/2025\/11\/mercado-boqueria-300x200.jpg 300w, https:\/\/www.musikboutiquehotel.com\/wp-content\/uploads\/2025\/11\/mercado-boqueria-768x512.jpg 768w, https:\/\/www.musikboutiquehotel.com\/wp-content\/uploads\/2025\/11\/mercado-boqueria-1536x1024.jpg 1536w, https:\/\/www.musikboutiquehotel.com\/wp-content\/uploads\/2025\/11\/mercado-boqueria-2048x1365.jpg 2048w, https:\/\/www.musikboutiquehotel.com\/wp-content\/uploads\/2025\/11\/mercado-boqueria-615x410.jpg 615w\" sizes=\"auto, (max-width: 850px) 100vw, 850px\" \/>\t\t\t\t\t\t\t\t\t\t\t\t\t\t\t<\/div>\n\t\t\t\t<\/div>\n\t\t\t\t\t<\/div>\n\t\t<\/div>\n\t\t\t\t\t\t\t<\/div>\n\t\t<\/section>\n\t\t\t\t<section class=\"elementor-section elementor-top-section elementor-element elementor-element-1c0258f elementor-section-boxed elementor-section-height-default elementor-section-height-default\" data-id=\"1c0258f\" data-element_type=\"section\">\n\t\t\t\t\t\t<div class=\"elementor-container elementor-column-gap-default\">\n\t\t\t\t\t<div class=\"elementor-column elementor-col-100 elementor-top-column elementor-element elementor-element-a251f9b\" data-id=\"a251f9b\" data-element_type=\"column\">\n\t\t\t<div class=\"elementor-widget-wrap elementor-element-populated\">\n\t\t\t\t\t\t\t\t<div class=\"elementor-element elementor-element-8df04e6 elementor-widget elementor-widget-text-editor\" data-id=\"8df04e6\" data-element_type=\"widget\" data-widget_type=\"text-editor.default\">\n\t\t\t\t<div class=\"elementor-widget-container\">\n\t\t\t\t\t\t\t\t<p><strong>Foto: Mercado de la Boqueria<\/strong><\/p>\n<h3><span style=\"font-weight: 400;\">Dar una vuelta por la Biblioteca Nacional de Catalu&ntilde;a<\/span><\/h3>\n<p><span style=\"font-weight: 400;\">La Biblioteca ocupa uno de los edificios hist&oacute;ricos m&aacute;s bellos del barrio. Entrar en su sala de lectura, con sus techos altos y su luz tenue, es una experiencia maravillosa para amantes de los libros y de los lugares llenos de historia. Uno de los edificios hist&oacute;ricos m&aacute;s bellos del barrio. Su sala de lectura es un lugar magn&iacute;fico para quienes disfrutan de espacios serenos. Aqu&iacute; puedes encontrar las mejores<\/span><a href=\"https:\/\/www.musikboutiquehotel.com\/es\/barcelona-para-amantes-de-los-libros-bibliotecas-y-librerias\/\"> <span style=\"font-weight: 400;\">bibliotecas y librer&iacute;as de Barcelona<\/span><\/a><span style=\"font-weight: 400;\">.<\/span><\/p>\t\t\t\t\t\t<\/div>\n\t\t\t\t<\/div>\n\t\t\t\t\t<\/div>\n\t\t<\/div>\n\t\t\t\t\t\t\t<\/div>\n\t\t<\/section>\n\t\t\t\t<section class=\"elementor-section elementor-top-section elementor-element elementor-element-d5382d5 elementor-section-boxed elementor-section-height-default elementor-section-height-default\" data-id=\"d5382d5\" data-element_type=\"section\">\n\t\t\t\t\t\t<div class=\"elementor-container elementor-column-gap-default\">\n\t\t\t\t\t<div class=\"elementor-column elementor-col-100 elementor-top-column elementor-element elementor-element-d227526\" data-id=\"d227526\" data-element_type=\"column\">\n\t\t\t<div class=\"elementor-widget-wrap elementor-element-populated\">\n\t\t\t\t\t\t\t\t<div class=\"elementor-element elementor-element-50c7faa elementor-widget elementor-widget-image\" data-id=\"50c7faa\" data-element_type=\"widget\" data-widget_type=\"image.default\">\n\t\t\t\t<div class=\"elementor-widget-container\">\n\t\t\t\t\t\t\t\t\t\t\t\t\t\t\t<img loading=\"lazy\" decoding=\"async\" width=\"680\" height=\"450\" src=\"https:\/\/www.musikboutiquehotel.com\/wp-content\/uploads\/2025\/11\/biblio-nacional-catalun\u0303a.jpg\" class=\"attachment-large size-large\" alt=\"Descubriendo el Raval: Biblioteca Nacional de Catalu\u00f1a\" srcset=\"https:\/\/www.musikboutiquehotel.com\/wp-content\/uploads\/2025\/11\/biblio-nacional-catalun\u0303a.jpg 680w, https:\/\/www.musikboutiquehotel.com\/wp-content\/uploads\/2025\/11\/biblio-nacional-catalun\u0303a-300x199.jpg 300w, https:\/\/www.musikboutiquehotel.com\/wp-content\/uploads\/2025\/11\/biblio-nacional-catalun\u0303a-615x407.jpg 615w\" sizes=\"auto, (max-width: 680px) 100vw, 680px\" \/>\t\t\t\t\t\t\t\t\t\t\t\t\t\t\t<\/div>\n\t\t\t\t<\/div>\n\t\t\t\t\t<\/div>\n\t\t<\/div>\n\t\t\t\t\t\t\t<\/div>\n\t\t<\/section>\n\t\t\t\t<section class=\"elementor-section elementor-top-section elementor-element elementor-element-433d928 elementor-section-boxed elementor-section-height-default elementor-section-height-default\" data-id=\"433d928\" data-element_type=\"section\">\n\t\t\t\t\t\t<div class=\"elementor-container elementor-column-gap-default\">\n\t\t\t\t\t<div class=\"elementor-column elementor-col-100 elementor-top-column elementor-element elementor-element-92d3896\" data-id=\"92d3896\" data-element_type=\"column\">\n\t\t\t<div class=\"elementor-widget-wrap elementor-element-populated\">\n\t\t\t\t\t\t\t\t<div class=\"elementor-element elementor-element-8fa316b elementor-widget elementor-widget-text-editor\" data-id=\"8fa316b\" data-element_type=\"widget\" data-widget_type=\"text-editor.default\">\n\t\t\t\t<div class=\"elementor-widget-container\">\n\t\t\t\t\t\t\t\t<p><strong>Foto: Biblioteca Nacional de Catalu&ntilde;a<\/strong><\/p>\n<h3><span style=\"font-weight: 400;\">Ir a ver la escultura de &ldquo;El Gat de Botero&rdquo;<\/span><\/h3>\n<p><span style=\"font-weight: 400;\">Esta famosa escultura, situada en la Rambla del Raval, se ha convertido en uno de los s&iacute;mbolos del barrio. Su figura redondeada y su gesto amable atraen a viajeros y locales por igual. Una parada perfecta para capturar una de las estampas m&aacute;s reconocibles de <\/span><strong>el raval barcelona<\/strong><span style=\"font-weight: 400;\">.<\/span><\/p>\t\t\t\t\t\t<\/div>\n\t\t\t\t<\/div>\n\t\t\t\t\t<\/div>\n\t\t<\/div>\n\t\t\t\t\t\t\t<\/div>\n\t\t<\/section>\n\t\t\t\t<section class=\"elementor-section elementor-top-section elementor-element elementor-element-4cbe614 elementor-section-boxed elementor-section-height-default elementor-section-height-default\" data-id=\"4cbe614\" data-element_type=\"section\">\n\t\t\t\t\t\t<div class=\"elementor-container elementor-column-gap-default\">\n\t\t\t\t\t<div class=\"elementor-column elementor-col-100 elementor-top-column elementor-element elementor-element-c24cde8\" data-id=\"c24cde8\" data-element_type=\"column\">\n\t\t\t<div class=\"elementor-widget-wrap elementor-element-populated\">\n\t\t\t\t\t\t\t\t<div class=\"elementor-element elementor-element-f574c0f elementor-widget elementor-widget-image\" data-id=\"f574c0f\" data-element_type=\"widget\" data-widget_type=\"image.default\">\n\t\t\t\t<div class=\"elementor-widget-container\">\n\t\t\t\t\t\t\t\t\t\t\t\t\t\t\t<img loading=\"lazy\" decoding=\"async\" width=\"680\" height=\"510\" src=\"https:\/\/www.musikboutiquehotel.com\/wp-content\/uploads\/2025\/11\/el-gat-de-botero.jpg\" class=\"attachment-large size-large\" alt=\"Descubriendo el Raval: &quot;El Gat de Botero&quot;\" srcset=\"https:\/\/www.musikboutiquehotel.com\/wp-content\/uploads\/2025\/11\/el-gat-de-botero.jpg 680w, https:\/\/www.musikboutiquehotel.com\/wp-content\/uploads\/2025\/11\/el-gat-de-botero-300x225.jpg 300w, https:\/\/www.musikboutiquehotel.com\/wp-content\/uploads\/2025\/11\/el-gat-de-botero-615x461.jpg 615w\" sizes=\"auto, (max-width: 680px) 100vw, 680px\" \/>\t\t\t\t\t\t\t\t\t\t\t\t\t\t\t<\/div>\n\t\t\t\t<\/div>\n\t\t\t\t\t<\/div>\n\t\t<\/div>\n\t\t\t\t\t\t\t<\/div>\n\t\t<\/section>\n\t\t\t\t<section class=\"elementor-section elementor-top-section elementor-element elementor-element-aba6cd3 elementor-section-boxed elementor-section-height-default elementor-section-height-default\" data-id=\"aba6cd3\" data-element_type=\"section\">\n\t\t\t\t\t\t<div class=\"elementor-container elementor-column-gap-default\">\n\t\t\t\t\t<div class=\"elementor-column elementor-col-100 elementor-top-column elementor-element elementor-element-2a2b435\" data-id=\"2a2b435\" data-element_type=\"column\">\n\t\t\t<div class=\"elementor-widget-wrap elementor-element-populated\">\n\t\t\t\t\t\t\t\t<div class=\"elementor-element elementor-element-528749a elementor-widget elementor-widget-text-editor\" data-id=\"528749a\" data-element_type=\"widget\" data-widget_type=\"text-editor.default\">\n\t\t\t\t<div class=\"elementor-widget-container\">\n\t\t\t\t\t\t\t\t<p><strong>Foto: &ldquo;El Gat de Botero&rdquo;<\/strong><\/p>\n<h3><span style=\"font-weight: 400;\">Hacer una visita guiada y ver una obra en el Liceu<\/span><\/h3>\n<p><span style=\"font-weight: 400;\">El Gran Teatre del Liceu es uno de los teatros de &oacute;pera m&aacute;s prestigiosos de Europa. Su interior es una maravilla. Hacer una visita guiada es descubrir su historia, pero asistir a una funci&oacute;n es vivirlo de verdad. Sin duda, una de las experiencias culturales m&aacute;s especiales del <\/span><strong>barrio el raval en barcelona<\/strong><span style=\"font-weight: 400;\">.<\/span><\/p>\t\t\t\t\t\t<\/div>\n\t\t\t\t<\/div>\n\t\t\t\t\t<\/div>\n\t\t<\/div>\n\t\t\t\t\t\t\t<\/div>\n\t\t<\/section>\n\t\t\t\t<section class=\"elementor-section elementor-top-section elementor-element elementor-element-ebe43e6 elementor-section-boxed elementor-section-height-default elementor-section-height-default\" data-id=\"ebe43e6\" data-element_type=\"section\">\n\t\t\t\t\t\t<div class=\"elementor-container elementor-column-gap-default\">\n\t\t\t\t\t<div class=\"elementor-column elementor-col-100 elementor-top-column elementor-element elementor-element-7179977\" data-id=\"7179977\" data-element_type=\"column\">\n\t\t\t<div class=\"elementor-widget-wrap elementor-element-populated\">\n\t\t\t\t\t\t\t\t<div class=\"elementor-element elementor-element-f6b106d elementor-widget elementor-widget-image\" data-id=\"f6b106d\" data-element_type=\"widget\" data-widget_type=\"image.default\">\n\t\t\t\t<div class=\"elementor-widget-container\">\n\t\t\t\t\t\t\t\t\t\t\t\t\t\t\t<img loading=\"lazy\" decoding=\"async\" width=\"382\" height=\"510\" src=\"https:\/\/www.musikboutiquehotel.com\/wp-content\/uploads\/2025\/11\/liceu.jpg\" class=\"attachment-large size-large\" alt=\"Descubriendo el Raval: Liceu\" srcset=\"https:\/\/www.musikboutiquehotel.com\/wp-content\/uploads\/2025\/11\/liceu.jpg 382w, https:\/\/www.musikboutiquehotel.com\/wp-content\/uploads\/2025\/11\/liceu-225x300.jpg 225w\" sizes=\"auto, (max-width: 382px) 100vw, 382px\" \/>\t\t\t\t\t\t\t\t\t\t\t\t\t\t\t<\/div>\n\t\t\t\t<\/div>\n\t\t\t\t\t<\/div>\n\t\t<\/div>\n\t\t\t\t\t\t\t<\/div>\n\t\t<\/section>\n\t\t\t\t<section class=\"elementor-section elementor-top-section elementor-element elementor-element-b2522d1 elementor-section-boxed elementor-section-height-default elementor-section-height-default\" data-id=\"b2522d1\" data-element_type=\"section\">\n\t\t\t\t\t\t<div class=\"elementor-container elementor-column-gap-default\">\n\t\t\t\t\t<div class=\"elementor-column elementor-col-100 elementor-top-column elementor-element elementor-element-62c4e81\" data-id=\"62c4e81\" data-element_type=\"column\">\n\t\t\t<div class=\"elementor-widget-wrap elementor-element-populated\">\n\t\t\t\t\t\t\t\t<div class=\"elementor-element elementor-element-49e8985 elementor-widget elementor-widget-text-editor\" data-id=\"49e8985\" data-element_type=\"widget\" data-widget_type=\"text-editor.default\">\n\t\t\t\t<div class=\"elementor-widget-container\">\n\t\t\t\t\t\t\t\t<p><strong>Foto: Liceu<\/strong><\/p>\t\t\t\t\t\t<\/div>\n\t\t\t\t<\/div>\n\t\t\t\t\t<\/div>\n\t\t<\/div>\n\t\t\t\t\t\t\t<\/div>\n\t\t<\/section>\n\t\t\t\t<section class=\"elementor-section elementor-top-section elementor-element elementor-element-5084fa6 elementor-section-boxed elementor-section-height-default elementor-section-height-default\" data-id=\"5084fa6\" data-element_type=\"section\">\n\t\t\t\t\t\t<div class=\"elementor-container elementor-column-gap-default\">\n\t\t\t\t\t<div class=\"elementor-column elementor-col-100 elementor-top-column elementor-element elementor-element-80231e4\" data-id=\"80231e4\" data-element_type=\"column\">\n\t\t\t<div class=\"elementor-widget-wrap elementor-element-populated\">\n\t\t\t\t\t\t\t\t<div class=\"elementor-element elementor-element-0f6bb31 elementor-widget elementor-widget-heading\" data-id=\"0f6bb31\" data-element_type=\"widget\" data-widget_type=\"heading.default\">\n\t\t\t\t<div class=\"elementor-widget-container\">\n\t\t\t<h3 class=\"elementor-heading-title elementor-size-default\">La esencia de Barcelona, desde Musik Boutique Hotel<\/h3>\t\t<\/div>\n\t\t\t\t<\/div>\n\t\t\t\t\t<\/div>\n\t\t<\/div>\n\t\t\t\t\t\t\t<\/div>\n\t\t<\/section>\n\t\t\t\t<section class=\"elementor-section elementor-top-section elementor-element elementor-element-34baf30 elementor-section-boxed elementor-section-height-default elementor-section-height-default\" data-id=\"34baf30\" data-element_type=\"section\">\n\t\t\t\t\t\t<div class=\"elementor-container elementor-column-gap-default\">\n\t\t\t\t\t<div class=\"elementor-column elementor-col-100 elementor-top-column elementor-element elementor-element-c882315\" data-id=\"c882315\" data-element_type=\"column\">\n\t\t\t<div class=\"elementor-widget-wrap elementor-element-populated\">\n\t\t\t\t\t\t\t\t<div class=\"elementor-element elementor-element-0932461 elementor-widget elementor-widget-text-editor\" data-id=\"0932461\" data-element_type=\"widget\" data-widget_type=\"text-editor.default\">\n\t\t\t\t<div class=\"elementor-widget-container\">\n\t\t\t\t\t\t\t\t<p><span style=\"font-weight: 400;\">Desde <\/span><a href=\"https:\/\/www.musikboutiquehotel.com\/es\/\"><span style=\"font-weight: 400;\">Musik Boutique Hotel<\/span><\/a><span style=\"font-weight: 400;\"> queremos que descubras Barcelona con calma, sensibilidad y curiosidad. Nuestra gu&iacute;a del <\/span><strong>raval<\/strong><span style=\"font-weight: 400;\"> est&aacute; pensada para ayudarte a explorar uno de los barrios m&aacute;s vivos y emocionantes de la ciudad.<\/span><\/p>\n<p><span style=\"font-weight: 400;\">Entre cultura, arte urbano, historia medieval, mercados tradicionales, m&uacute;sica y sabores del mundo, el Raval muestra la Barcelona m&aacute;s real. Quien busque desconexi&oacute;n puede disfrutar tambi&eacute;n de los<\/span><a href=\"https:\/\/www.musikboutiquehotel.com\/es\/spas-y-retiros-de-bienestar-en-barcelona\/\"> <span style=\"font-weight: 400;\">mejores spas de la ciudad<\/span><\/a><span style=\"font-weight: 400;\">, mientras que los amantes de los planes al aire libre tienen a mano numerosas<\/span><a href=\"https:\/\/www.musikboutiquehotel.com\/es\/actividades-al-aire-libre-en-barcelona\/\"> <span style=\"font-weight: 400;\">actividades en la naturaleza<\/span><\/a><span style=\"font-weight: 400;\">.<\/span><\/p>\n<p><span style=\"font-weight: 400;\">A tu regreso al hotel, encontrar&aacute;s habitaciones acogedoras, dise&ntilde;o cuidado y el ambiente tranquilo del Born. Para quienes a&uacute;n est&aacute;n organizando su viaje, esta gu&iacute;a sobre<\/span><a href=\"https:\/\/www.musikboutiquehotel.com\/es\/cual-es-la-mejor-zona-para-hospedarse-en-barcelona\/\"> <span style=\"font-weight: 400;\">d&oacute;nde alojarse en Barcelona<\/span><\/a><span style=\"font-weight: 400;\"> o informaci&oacute;n sobre el<\/span><a href=\"https:\/\/www.musikboutiquehotel.com\/es\/cuanto-cuesta-taxi-aeropuerto-barcelona-centro\/\"> <span style=\"font-weight: 400;\">taxi del aeropuerto al centro<\/span><\/a><span style=\"font-weight: 400;\"> puede resultar &uacute;til.<\/span><\/p>\n<p><span style=\"font-weight: 400;\">Porque en Musik Boutique Hotel creemos que descubrir Barcelona significa conectar con sus historias, sus barrios y la vida que late en cada calle.<\/span><\/p>\t\t\t\t\t\t<\/div>\n\t\t\t\t<\/div>\n\t\t\t\t\t<\/div>\n\t\t<\/div>\n\t\t\t\t\t\t\t<\/div>\n\t\t<\/section>\n\t\t\t\t<section class=\"elementor-section elementor-top-section elementor-element elementor-element-97b510a elementor-section-boxed elementor-section-height-default elementor-section-height-default\" data-id=\"97b510a\" data-element_type=\"section\">\n\t\t\t\t\t\t<div class=\"elementor-container elementor-column-gap-default\">\n\t\t\t\t\t<div class=\"elementor-column elementor-col-100 elementor-top-column elementor-element elementor-element-c0de683\" data-id=\"c0de683\" data-element_type=\"column\">\n\t\t\t<div class=\"elementor-widget-wrap elementor-element-populated\">\n\t\t\t\t\t\t\t\t<div class=\"elementor-element elementor-element-b426b4d elementor-widget elementor-widget-shortcode\" data-id=\"b426b4d\" data-element_type=\"widget\" data-widget_type=\"shortcode.default\">\n\t\t\t\t<div class=\"elementor-widget-container\">\n\t\t\t\t\t<div class=\"elementor-shortcode\">\t\t<div data-elementor-type=\"single-post\" data-elementor-id=\"4086\" class=\"elementor elementor-4086 elementor-4078\" data-elementor-settings=\"[]\">\n\t\t<div class=\"elementor-section-wrap\">\n\t\t\t\t\t<section class=\"elementor-section elementor-top-section elementor-element elementor-element-b72d889 elementor-section-boxed elementor-section-height-default elementor-section-height-default\" data-id=\"b72d889\" data-element_type=\"section\">\n\t\t\t\t\t\t<div class=\"elementor-container elementor-column-gap-default\">\n\t\t\t\t\t<div class=\"elementor-column elementor-col-100 elementor-top-column elementor-element elementor-element-5b0a3ab\" data-id=\"5b0a3ab\" data-element_type=\"column\">\n\t\t\t<div class=\"elementor-widget-wrap elementor-element-populated\">\n\t\t\t\t\t\t\t\t<div class=\"elementor-element elementor-element-73d7b69 elementor-widget elementor-widget-heading\" data-id=\"73d7b69\" data-element_type=\"widget\" data-widget_type=\"heading.default\">\n\t\t\t\t<div class=\"elementor-widget-container\">\n\t\t\t<h2 class=\"elementor-heading-title elementor-size-default\">Encuentra tu habitaci\u00f3n perfecta...<\/h2>\t\t<\/div>\n\t\t\t\t<\/div>\n\t\t\t\t\t<\/div>\n\t\t<\/div>\n\t\t\t\t\t\t\t<\/div>\n\t\t<\/section>\n\t\t\t\t<section class=\"elementor-section elementor-top-section elementor-element elementor-element-4f62f2d elementor-section-boxed elementor-section-height-default elementor-section-height-default\" data-id=\"4f62f2d\" data-element_type=\"section\">\n\t\t\t\t\t\t<div class=\"elementor-container elementor-column-gap-default\">\n\t\t\t\t\t<div class=\"elementor-column elementor-col-50 elementor-top-column elementor-element elementor-element-76caaef\" data-id=\"76caaef\" data-element_type=\"column\">\n\t\t\t<div class=\"elementor-widget-wrap elementor-element-populated\">\n\t\t\t\t\t\t\t\t<div class=\"elementor-element elementor-element-277abc3 elementor-cta--skin-cover elementor-widget elementor-widget-call-to-action\" data-id=\"277abc3\" data-element_type=\"widget\" data-widget_type=\"call-to-action.default\">\n\t\t\t\t<div class=\"elementor-widget-container\">\n\t\t\t\t\t<div  class=\"elementor-cta\">\n\t\t\t\t\t<div class=\"elementor-cta__bg-wrapper\">\n\t\t\t\t<div class=\"elementor-cta__bg elementor-bg\" style=\"background-image: url(https:\/\/www.musikboutiquehotel.com\/wp-content\/uploads\/2021\/07\/Standard-room-300x225.jpg);\"><\/div>\n\t\t\t\t<div class=\"elementor-cta__bg-overlay\"><\/div>\n\t\t\t<\/div>\n\t\t\t\t\t\t\t<div class=\"elementor-cta__content\">\n\t\t\t\t\n\t\t\t\t\t\t\t\t\t<h2 class=\"elementor-cta__title elementor-cta__content-item elementor-content-item\">\n\t\t\t\t\t\tStandard Room\t\t\t\t\t<\/h2>\n\t\t\t\t\n\t\t\t\t\n\t\t\t\t\t\t\t\t\t<div class=\"elementor-cta__button-wrapper elementor-cta__content-item elementor-content-item \">\n\t\t\t\t\t<a class=\"elementor-cta__button elementor-button elementor-size-sm\" href=\"https:\/\/www.musikboutiquehotel.com\/es\/room\/habitacion-estandar\/\">\n\t\t\t\t\t\tVER M\u00c1S\t\t\t\t\t<\/a>\n\t\t\t\t\t<\/div>\n\t\t\t\t\t\t\t<\/div>\n\t\t\t\t\t\t<\/div>\n\t\t\t\t<\/div>\n\t\t\t\t<\/div>\n\t\t\t\t\t<\/div>\n\t\t<\/div>\n\t\t\t\t<div class=\"elementor-column elementor-col-50 elementor-top-column elementor-element elementor-element-4837743\" data-id=\"4837743\" data-element_type=\"column\">\n\t\t\t<div class=\"elementor-widget-wrap elementor-element-populated\">\n\t\t\t\t\t\t\t\t<div class=\"elementor-element elementor-element-213a060 elementor-cta--skin-cover elementor-widget elementor-widget-call-to-action\" data-id=\"213a060\" data-element_type=\"widget\" data-widget_type=\"call-to-action.default\">\n\t\t\t\t<div class=\"elementor-widget-container\">\n\t\t\t\t\t<div  class=\"elementor-cta\">\n\t\t\t\t\t<div class=\"elementor-cta__bg-wrapper\">\n\t\t\t\t<div class=\"elementor-cta__bg elementor-bg\" style=\"background-image: url(https:\/\/www.musikboutiquehotel.com\/wp-content\/uploads\/2019\/02\/Deluxe-room-stone-decor-300x225.jpg);\"><\/div>\n\t\t\t\t<div class=\"elementor-cta__bg-overlay\"><\/div>\n\t\t\t<\/div>\n\t\t\t\t\t\t\t<div class=\"elementor-cta__content\">\n\t\t\t\t\n\t\t\t\t\t\t\t\t\t<h2 class=\"elementor-cta__title elementor-cta__content-item elementor-content-item\">\n\t\t\t\t\t\tDeluxe Room\t\t\t\t\t<\/h2>\n\t\t\t\t\n\t\t\t\t\n\t\t\t\t\t\t\t\t\t<div class=\"elementor-cta__button-wrapper elementor-cta__content-item elementor-content-item \">\n\t\t\t\t\t<a class=\"elementor-cta__button elementor-button elementor-size-sm\" href=\"https:\/\/www.musikboutiquehotel.com\/es\/room\/boutique-hotel-habitacion-deluxe\/\">\n\t\t\t\t\t\tVER M\u00c1S\t\t\t\t\t<\/a>\n\t\t\t\t\t<\/div>\n\t\t\t\t\t\t\t<\/div>\n\t\t\t\t\t\t<\/div>\n\t\t\t\t<\/div>\n\t\t\t\t<\/div>\n\t\t\t\t\t<\/div>\n\t\t<\/div>\n\t\t\t\t\t\t\t<\/div>\n\t\t<\/section>\n\t\t\t\t<section class=\"elementor-section elementor-top-section elementor-element elementor-element-acc67be elementor-section-boxed elementor-section-height-default elementor-section-height-default\" data-id=\"acc67be\" data-element_type=\"section\">\n\t\t\t\t\t\t<div class=\"elementor-container elementor-column-gap-default\">\n\t\t\t\t\t<div class=\"elementor-column elementor-col-50 elementor-top-column elementor-element elementor-element-dd78217\" data-id=\"dd78217\" data-element_type=\"column\">\n\t\t\t<div class=\"elementor-widget-wrap elementor-element-populated\">\n\t\t\t\t\t\t\t\t<div class=\"elementor-element elementor-element-f82a4f1 elementor-cta--skin-cover elementor-widget elementor-widget-call-to-action\" data-id=\"f82a4f1\" data-element_type=\"widget\" data-widget_type=\"call-to-action.default\">\n\t\t\t\t<div class=\"elementor-widget-container\">\n\t\t\t\t\t<div  class=\"elementor-cta\">\n\t\t\t\t\t<div class=\"elementor-cta__bg-wrapper\">\n\t\t\t\t<div class=\"elementor-cta__bg elementor-bg\" style=\"background-image: url(https:\/\/www.musikboutiquehotel.com\/wp-content\/uploads\/2021\/08\/Junior-Suite-bed-close-up-300x225.jpg);\"><\/div>\n\t\t\t\t<div class=\"elementor-cta__bg-overlay\"><\/div>\n\t\t\t<\/div>\n\t\t\t\t\t\t\t<div class=\"elementor-cta__content\">\n\t\t\t\t\n\t\t\t\t\t\t\t\t\t<h2 class=\"elementor-cta__title elementor-cta__content-item elementor-content-item\">\n\t\t\t\t\t\tJunior Suite\t\t\t\t\t<\/h2>\n\t\t\t\t\n\t\t\t\t\n\t\t\t\t\t\t\t\t\t<div class=\"elementor-cta__button-wrapper elementor-cta__content-item elementor-content-item \">\n\t\t\t\t\t<a class=\"elementor-cta__button elementor-button elementor-size-sm\" href=\"https:\/\/www.musikboutiquehotel.com\/es\/room\/boutique-hotel-junior-suite\/\">\n\t\t\t\t\t\tVER M\u00c1S\t\t\t\t\t<\/a>\n\t\t\t\t\t<\/div>\n\t\t\t\t\t\t\t<\/div>\n\t\t\t\t\t\t<\/div>\n\t\t\t\t<\/div>\n\t\t\t\t<\/div>\n\t\t\t\t\t<\/div>\n\t\t<\/div>\n\t\t\t\t<div class=\"elementor-column elementor-col-50 elementor-top-column elementor-element elementor-element-e4b8ab8\" data-id=\"e4b8ab8\" data-element_type=\"column\">\n\t\t\t<div class=\"elementor-widget-wrap elementor-element-populated\">\n\t\t\t\t\t\t\t\t<div class=\"elementor-element elementor-element-cb8b3da elementor-cta--skin-cover elementor-widget elementor-widget-call-to-action\" data-id=\"cb8b3da\" data-element_type=\"widget\" data-widget_type=\"call-to-action.default\">\n\t\t\t\t<div class=\"elementor-widget-container\">\n\t\t\t\t\t<div  class=\"elementor-cta\">\n\t\t\t\t\t<div class=\"elementor-cta__bg-wrapper\">\n\t\t\t\t<div class=\"elementor-cta__bg elementor-bg\" style=\"background-image: url(https:\/\/www.musikboutiquehotel.com\/wp-content\/uploads\/2021\/08\/Single-room-terrace-1-300x225.jpg);\"><\/div>\n\t\t\t\t<div class=\"elementor-cta__bg-overlay\"><\/div>\n\t\t\t<\/div>\n\t\t\t\t\t\t\t<div class=\"elementor-cta__content\">\n\t\t\t\t\n\t\t\t\t\t\t\t\t\t<h2 class=\"elementor-cta__title elementor-cta__content-item elementor-content-item\">\n\t\t\t\t\t\tSingle Room\t\t\t\t\t<\/h2>\n\t\t\t\t\n\t\t\t\t\n\t\t\t\t\t\t\t\t\t<div class=\"elementor-cta__button-wrapper elementor-cta__content-item elementor-content-item \">\n\t\t\t\t\t<a class=\"elementor-cta__button elementor-button elementor-size-sm\" href=\"https:\/\/www.musikboutiquehotel.com\/es\/room\/boutique-hotel-habitacion-individual\/\">\n\t\t\t\t\t\tVER M\u00c1S\t\t\t\t\t<\/a>\n\t\t\t\t\t<\/div>\n\t\t\t\t\t\t\t<\/div>\n\t\t\t\t\t\t<\/div>\n\t\t\t\t<\/div>\n\t\t\t\t<\/div>\n\t\t\t\t\t<\/div>\n\t\t<\/div>\n\t\t\t\t\t\t\t<\/div>\n\t\t<\/section>\n\t\t\t\t<\/div>\n\t\t<\/div>\n\t\t<\/div>\n\t\t\t\t<\/div>\n\t\t\t\t<\/div>\n\t\t\t\t\t<\/div>\n\t\t<\/div>\n\t\t\t\t\t\t\t<\/div>\n\t\t<\/section>\n\t\t\t\t\t\t<\/div>\n\t\t\t\t\t<\/div>\n\t\t","protected":false},"excerpt":{"rendered":"<p>En Musik Boutique Hotel nos encanta ense&ntilde;arte una Barcelona aut&eacute;ntica, sorprendente y llena de matices. Desde nuestro hotel, en pleno coraz&oacute;n del Born, queremos invitarte a descubrir barrios que respiran [&hellip;]<\/p>\n","protected":false},"author":1,"featured_media":5392,"comment_status":"open","ping_status":"open","sticky":false,"template":"","format":"standard","meta":{"footnotes":""},"categories":[20],"tags":[],"class_list":["post-4223","post","type-post","status-publish","format-standard","has-post-thumbnail","hentry","category-sin-categorizar"],"yoast_head":"<!-- This site is optimized with the Yoast SEO plugin v16.5 - https:\/\/yoast.com\/wordpress\/plugins\/seo\/ -->\n<title>Gu\u00eda para descubrir el barrio del Raval | Musik Boutique Hotel<\/title>\n<meta name=\"description\" content=\"Descubre el Raval con la gu\u00eda del Musik Boutique Hotel: arte urbano, historia medieval, museos \u00fanicos y gastronom\u00eda multicultural en el coraz\u00f3n de Barcelona.\" \/>\n<meta name=\"robots\" content=\"index, follow, max-snippet:-1, max-image-preview:large, max-video-preview:-1\" \/>\n<link rel=\"canonical\" href=\"https:\/\/www.musikboutiquehotel.com\/es\/guia-para-descubrir-el-barrio-del-raval\/\" \/>\n<meta property=\"og:locale\" content=\"es_ES\" \/>\n<meta property=\"og:type\" content=\"article\" \/>\n<meta property=\"og:title\" content=\"Gu\u00eda para descubrir el barrio del Raval | Musik Boutique Hotel\" \/>\n<meta property=\"og:description\" content=\"Descubre el Raval con la gu\u00eda del Musik Boutique Hotel: arte urbano, historia medieval, museos \u00fanicos y gastronom\u00eda multicultural en el coraz\u00f3n de Barcelona.\" \/>\n<meta property=\"og:url\" content=\"https:\/\/www.musikboutiquehotel.com\/es\/guia-para-descubrir-el-barrio-del-raval\/\" \/>\n<meta property=\"og:site_name\" content=\"musikboutiquehotel.com\" \/>\n<meta property=\"article:published_time\" content=\"2025-11-27T11:47:21+00:00\" \/>\n<meta property=\"article:modified_time\" content=\"2026-04-25T19:06:17+00:00\" \/>\n<meta name=\"twitter:card\" content=\"summary_large_image\" \/>\n<meta name=\"twitter:image\" content=\"https:\/\/www.musikboutiquehotel.com\/wp-content\/uploads\/2025\/11\/pareja-optimizado-web.webp\" \/>\n<meta name=\"twitter:label1\" content=\"Tiempo de lectura\" \/>\n\t<meta name=\"twitter:data1\" content=\"10 minutos\" \/>\n<script type=\"application\/ld+json\" class=\"yoast-schema-graph\">{\"@context\":\"https:\/\/schema.org\",\"@graph\":[{\"@type\":\"WebSite\",\"@id\":\"https:\/\/www.musikboutiquehotel.com\/es\/#website\",\"url\":\"https:\/\/www.musikboutiquehotel.com\/es\/\",\"name\":\"musikboutiquehotel.com\",\"description\":\"Hotel Rom\\u00e1ntico en Barcelona\",\"potentialAction\":[{\"@type\":\"SearchAction\",\"target\":\"https:\/\/www.musikboutiquehotel.com\/es\/?s={search_term_string}\",\"query-input\":\"required name=search_term_string\"}],\"inLanguage\":\"es\"},{\"@type\":\"ImageObject\",\"@id\":\"https:\/\/www.musikboutiquehotel.com\/es\/guia-para-descubrir-el-barrio-del-raval\/#primaryimage\",\"inLanguage\":\"es\",\"url\":\"https:\/\/www.musikboutiquehotel.com\/wp-content\/uploads\/2025\/11\/pareja-optimizado-web.webp\",\"contentUrl\":\"https:\/\/www.musikboutiquehotel.com\/wp-content\/uploads\/2025\/11\/pareja-optimizado-web.webp\",\"width\":1920,\"height\":1280},{\"@type\":\"WebPage\",\"@id\":\"https:\/\/www.musikboutiquehotel.com\/es\/guia-para-descubrir-el-barrio-del-raval\/#webpage\",\"url\":\"https:\/\/www.musikboutiquehotel.com\/es\/guia-para-descubrir-el-barrio-del-raval\/\",\"name\":\"Gu\\u00eda para descubrir el barrio del Raval | Musik Boutique Hotel\",\"isPartOf\":{\"@id\":\"https:\/\/www.musikboutiquehotel.com\/es\/#website\"},\"primaryImageOfPage\":{\"@id\":\"https:\/\/www.musikboutiquehotel.com\/es\/guia-para-descubrir-el-barrio-del-raval\/#primaryimage\"},\"datePublished\":\"2025-11-27T11:47:21+00:00\",\"dateModified\":\"2026-04-25T19:06:17+00:00\",\"author\":{\"@id\":\"https:\/\/www.musikboutiquehotel.com\/es\/#\/schema\/person\/af23e7fa0cd699fd6cbd817e3e97e794\"},\"description\":\"Descubre el Raval con la gu\\u00eda del Musik Boutique Hotel: arte urbano, historia medieval, museos \\u00fanicos y gastronom\\u00eda multicultural en el coraz\\u00f3n de Barcelona.\",\"breadcrumb\":{\"@id\":\"https:\/\/www.musikboutiquehotel.com\/es\/guia-para-descubrir-el-barrio-del-raval\/#breadcrumb\"},\"inLanguage\":\"es\",\"potentialAction\":[{\"@type\":\"ReadAction\",\"target\":[\"https:\/\/www.musikboutiquehotel.com\/es\/guia-para-descubrir-el-barrio-del-raval\/\"]}]},{\"@type\":\"BreadcrumbList\",\"@id\":\"https:\/\/www.musikboutiquehotel.com\/es\/guia-para-descubrir-el-barrio-del-raval\/#breadcrumb\",\"itemListElement\":[{\"@type\":\"ListItem\",\"position\":1,\"name\":\"Home\",\"item\":\"https:\/\/www.musikboutiquehotel.com\/es\/\"},{\"@type\":\"ListItem\",\"position\":2,\"name\":\"Descubriendo el Raval: historia, arte urbano y gastronom\\u00eda multicultural\"}]},{\"@type\":\"Person\",\"@id\":\"https:\/\/www.musikboutiquehotel.com\/es\/#\/schema\/person\/af23e7fa0cd699fd6cbd817e3e97e794\",\"name\":\"useradmin\",\"image\":{\"@type\":\"ImageObject\",\"@id\":\"https:\/\/www.musikboutiquehotel.com\/es\/#personlogo\",\"inLanguage\":\"es\",\"url\":\"https:\/\/secure.gravatar.com\/avatar\/4a134b0ee5039de554a4f5788bbcc95f8cb550e84f6610b6a45fd221548ceeef?s=96&d=mm&r=g\",\"contentUrl\":\"https:\/\/secure.gravatar.com\/avatar\/4a134b0ee5039de554a4f5788bbcc95f8cb550e84f6610b6a45fd221548ceeef?s=96&d=mm&r=g\",\"caption\":\"useradmin\"},\"sameAs\":[\"http:\/\/www.musikboutiquehotel.com\"],\"url\":\"https:\/\/www.musikboutiquehotel.com\/es\/author\/useradmin\/\"}]}<\/script>\n<!-- \/ Yoast SEO plugin. -->","_links":{"self":[{"href":"https:\/\/www.musikboutiquehotel.com\/es\/wp-json\/wp\/v2\/posts\/4223","targetHints":{"allow":["GET"]}}],"collection":[{"href":"https:\/\/www.musikboutiquehotel.com\/es\/wp-json\/wp\/v2\/posts"}],"about":[{"href":"https:\/\/www.musikboutiquehotel.com\/es\/wp-json\/wp\/v2\/types\/post"}],"author":[{"embeddable":true,"href":"https:\/\/www.musikboutiquehotel.com\/es\/wp-json\/wp\/v2\/users\/1"}],"replies":[{"embeddable":true,"href":"https:\/\/www.musikboutiquehotel.com\/es\/wp-json\/wp\/v2\/comments?post=4223"}],"version-history":[{"count":4,"href":"https:\/\/www.musikboutiquehotel.com\/es\/wp-json\/wp\/v2\/posts\/4223\/revisions"}],"predecessor-version":[{"id":4278,"href":"https:\/\/www.musikboutiquehotel.com\/es\/wp-json\/wp\/v2\/posts\/4223\/revisions\/4278"}],"wp:featuredmedia":[{"embeddable":true,"href":"https:\/\/www.musikboutiquehotel.com\/es\/wp-json\/wp\/v2\/media\/5392"}],"wp:attachment":[{"href":"https:\/\/www.musikboutiquehotel.com\/es\/wp-json\/wp\/v2\/media?parent=4223"}],"wp:term":[{"taxonomy":"category","embeddable":true,"href":"https:\/\/www.musikboutiquehotel.com\/es\/wp-json\/wp\/v2\/categories?post=4223"},{"taxonomy":"post_tag","embeddable":true,"href":"https:\/\/www.musikboutiquehotel.com\/es\/wp-json\/wp\/v2\/tags?post=4223"}],"curies":[{"name":"wp","href":"https:\/\/api.w.org\/{rel}","templated":true}]}}