{"id":4610,"date":"2026-01-19T11:13:48","date_gmt":"2026-01-19T11:13:48","guid":{"rendered":"https:\/\/www.musikboutiquehotel.com\/?p=4610"},"modified":"2026-04-25T19:56:38","modified_gmt":"2026-04-25T18:56:38","slug":"todas-las-obras-de-gaudi-en-barcelona","status":"publish","type":"post","link":"https:\/\/www.musikboutiquehotel.com\/es\/todas-las-obras-de-gaudi-en-barcelona\/","title":{"rendered":"Todas las obras de Gaud\u00ed en Barcelona"},"content":{"rendered":"\t\t<div data-elementor-type=\"wp-post\" data-elementor-id=\"4610\" class=\"elementor elementor-4610\" data-elementor-settings=\"[]\">\n\t\t\t\t\t\t\t<div class=\"elementor-section-wrap\">\n\t\t\t\t\t\t\t<section class=\"elementor-section elementor-top-section elementor-element elementor-element-f8cfa05 elementor-section-boxed elementor-section-height-default elementor-section-height-default\" data-id=\"f8cfa05\" data-element_type=\"section\">\n\t\t\t\t\t\t<div class=\"elementor-container elementor-column-gap-default\">\n\t\t\t\t\t<div class=\"elementor-column elementor-col-100 elementor-top-column elementor-element elementor-element-593beed\" data-id=\"593beed\" data-element_type=\"column\">\n\t\t\t<div class=\"elementor-widget-wrap elementor-element-populated\">\n\t\t\t\t\t\t\t\t<div class=\"elementor-element elementor-element-54ba354 elementor-widget elementor-widget-text-editor\" data-id=\"54ba354\" data-element_type=\"widget\" data-widget_type=\"text-editor.default\">\n\t\t\t\t<div class=\"elementor-widget-container\">\n\t\t\t\t\t\t\t\t<p><span style=\"font-weight: 400;\">Barcelona es una ciudad que se vive con los sentidos. Su arquitectura, su ritmo creativo y su identidad mediterr&aacute;nea la convierten en un destino que inspira desde el primer paso. En <\/span><a href=\"https:\/\/www.musikboutiquehotel.com\/es\/\"><span style=\"font-weight: 400;\">Musik Boutique Hotel<\/span><\/a><span style=\"font-weight: 400;\">, creemos que descubrir la ciudad va mucho m&aacute;s all&aacute; de visitar lugares emblem&aacute;ticos. Por eso, nuestra <\/span><a href=\"https:\/\/www.musikboutiquehotel.com\/es\/guia-de-barcelona\/\"><span style=\"font-weight: 400;\">gu&iacute;a de Barcelona<\/span><\/a><span style=\"font-weight: 400;\"> nace con un objetivo claro: ayudarte a conectar con la esencia cultural y art&iacute;stica que define la ciudad. Para quienes quieran seguir explorando esta faceta creativa, nuestra gu&iacute;a sobre <\/span><a href=\"https:\/\/www.musikboutiquehotel.com\/es\/arte-al-aire-libre-descubre-el-arte-urbano-de-barcelona\/\"><span style=\"font-weight: 400;\">arte al aire libre<\/span><\/a><span style=\"font-weight: 400;\"> ofrece una mirada complementaria a la expresi&oacute;n art&iacute;stica que se respira en sus calles.<\/span><\/p>\n<p><span style=\"font-weight: 400;\">Entre todas las expresiones creativas que han dado forma a Barcelona, pocas resultan tan influyentes y reconocibles como las <\/span><strong>obras de arte de Antoni Gaud&iacute;<\/strong><span style=\"font-weight: 400;\">. Su legado no solo transforma el paisaje urbano, sino que invita a mirar la ciudad con otros ojos, entendiendo la arquitectura como una experiencia emocional. Y como toda experiencia cultural, se disfruta mejor acompa&ntilde;ada de la gastronom&iacute;a local, por eso recomendamos descubrir tambi&eacute;n nuestra selecci&oacute;n de <\/span><a href=\"https:\/\/www.musikboutiquehotel.com\/es\/mejore-tapas-en-el-born\/\"><span style=\"font-weight: 400;\">mejores tapas en el Born<\/span><\/a><span style=\"font-weight: 400;\">, perfecta para completar la ruta tras una jornada recorriendo la ciudad. Desde nuestro hotel boutique, situado en el coraz&oacute;n de Barcelona, proponemos un recorrido cuidadosamente pensado para descubrir las creaciones m&aacute;s representativas y tambi&eacute;n las menos conocidas de este genio universal.<\/span><\/p>\t\t\t\t\t\t<\/div>\n\t\t\t\t<\/div>\n\t\t\t\t\t<\/div>\n\t\t<\/div>\n\t\t\t\t\t\t\t<\/div>\n\t\t<\/section>\n\t\t\t\t<section class=\"elementor-section elementor-top-section elementor-element elementor-element-b33a056 elementor-section-boxed elementor-section-height-default elementor-section-height-default\" data-id=\"b33a056\" data-element_type=\"section\">\n\t\t\t\t\t\t<div class=\"elementor-container elementor-column-gap-default\">\n\t\t\t\t\t<div class=\"elementor-column elementor-col-100 elementor-top-column elementor-element elementor-element-60edf41\" data-id=\"60edf41\" data-element_type=\"column\">\n\t\t\t<div class=\"elementor-widget-wrap elementor-element-populated\">\n\t\t\t\t\t\t\t\t<div class=\"elementor-element elementor-element-56dcb12 elementor-widget elementor-widget-text-editor\" data-id=\"56dcb12\" data-element_type=\"widget\" data-widget_type=\"text-editor.default\">\n\t\t\t\t<div class=\"elementor-widget-container\">\n\t\t\t\t\t\t\t\t<h2><strong>Un paseo arquitect&oacute;nico por las obras de Gaud&iacute;<\/strong><\/h2>\n<p><span style=\"font-weight: 400;\">Hablar de Barcelona es, inevitablemente, hablar de <\/span><strong>Antoni Gaud&iacute;<\/strong><span style=\"font-weight: 400;\">. Su visi&oacute;n rompi&oacute; con los esquemas tradicionales de la arquitectura de su tiempo y dio lugar a un lenguaje propio, org&aacute;nico y profundamente simb&oacute;lico. Inspirado por la naturaleza, la espiritualidad y la artesan&iacute;a, Gaud&iacute; concibi&oacute; edificios que hoy forman parte del imaginario colectivo de la ciudad.<\/span><\/p>\n<p><span style=\"font-weight: 400;\">Las <\/span><strong>estructuras dise&ntilde;adas por Antoni Gaud&iacute;<\/strong><span style=\"font-weight: 400;\"> no se limitan a ser monumentos est&aacute;ticos. Son espacios vivos, pensados para ser recorridos, observados y sentidos. Cada fachada, cada mosaico y cada detalle estructural responde a una intenci&oacute;n est&eacute;tica y funcional. En esta gu&iacute;a reunimos todas sus creaciones en Barcelona, desde las m&aacute;s monumentales hasta aquellas intervenciones urbanas que suelen pasar desapercibidas, pero que completan su universo creativo.<\/span><\/p>\t\t\t\t\t\t<\/div>\n\t\t\t\t<\/div>\n\t\t\t\t\t<\/div>\n\t\t<\/div>\n\t\t\t\t\t\t\t<\/div>\n\t\t<\/section>\n\t\t\t\t<section class=\"elementor-section elementor-top-section elementor-element elementor-element-fdc25d6 elementor-section-boxed elementor-section-height-default elementor-section-height-default\" data-id=\"fdc25d6\" data-element_type=\"section\">\n\t\t\t\t\t\t<div class=\"elementor-container elementor-column-gap-default\">\n\t\t\t\t\t<div class=\"elementor-column elementor-col-100 elementor-top-column elementor-element elementor-element-8666dbe\" data-id=\"8666dbe\" data-element_type=\"column\">\n\t\t\t<div class=\"elementor-widget-wrap elementor-element-populated\">\n\t\t\t\t\t\t\t\t<div class=\"elementor-element elementor-element-f4a50d1 elementor-widget elementor-widget-text-editor\" data-id=\"f4a50d1\" data-element_type=\"widget\" data-widget_type=\"text-editor.default\">\n\t\t\t\t<div class=\"elementor-widget-container\">\n\t\t\t\t\t\t\t\t<h3><strong>La Sagrada Familia<\/strong><\/h3>\n<p><span style=\"font-weight: 400;\">La Sagrada Familia es la obra m&aacute;s ic&oacute;nica de <\/span><strong>Antoni Gaud&iacute;<\/strong><span style=\"font-weight: 400;\"> y el s&iacute;mbolo arquitect&oacute;nico de Barcelona. Este templo expiatorio, a&uacute;n en construcci&oacute;n, representa la culminaci&oacute;n de su pensamiento art&iacute;stico y espiritual. Cada una de sus fachadas narra un episodio distinto de la vida de Cristo, combinando escultura, arquitectura y simbolismo religioso. Para quienes viajan en familia, la visita puede integrarse f&aacute;cilmente dentro de un itinerario m&aacute;s amplio, como el que proponemos en nuestro art&iacute;culo de <\/span><a href=\"https:\/\/www.musikboutiquehotel.com\/es\/barcelona-con-ninos-planes-para-toda-la-familia\/\"><span style=\"font-weight: 400;\">Barcelona con ni&ntilde;os<\/span><\/a><strong>.<\/strong><\/p>\n<p><span style=\"font-weight: 400;\">M&aacute;s all&aacute; de su monumentalidad, la Sagrada Familia es una de las <\/span><strong>obras de arte de Antoni Gaud&iacute;<\/strong><span style=\"font-weight: 400;\"> que mejor refleja su obsesi&oacute;n por la luz y la geometr&iacute;a natural. El interior sorprende por su verticalidad y por la forma en que la luz coloreada atraviesa las vidrieras, creando una atm&oacute;sfera casi m&iacute;stica que evoluciona a lo largo del d&iacute;a.<\/span><\/p>\t\t\t\t\t\t<\/div>\n\t\t\t\t<\/div>\n\t\t\t\t\t<\/div>\n\t\t<\/div>\n\t\t\t\t\t\t\t<\/div>\n\t\t<\/section>\n\t\t\t\t<section class=\"elementor-section elementor-top-section elementor-element elementor-element-0ff29df elementor-section-boxed elementor-section-height-default elementor-section-height-default\" data-id=\"0ff29df\" data-element_type=\"section\">\n\t\t\t\t\t\t<div class=\"elementor-container elementor-column-gap-default\">\n\t\t\t\t\t<div class=\"elementor-column elementor-col-100 elementor-top-column elementor-element elementor-element-5110d6a\" data-id=\"5110d6a\" data-element_type=\"column\">\n\t\t\t<div class=\"elementor-widget-wrap elementor-element-populated\">\n\t\t\t\t\t\t\t\t<div class=\"elementor-element elementor-element-0736005 elementor-widget elementor-widget-image\" data-id=\"0736005\" data-element_type=\"widget\" data-widget_type=\"image.default\">\n\t\t\t\t<div class=\"elementor-widget-container\">\n\t\t\t\t\t\t\t\t\t\t\t\t\t\t\t<img loading=\"lazy\" decoding=\"async\" width=\"850\" height=\"567\" src=\"https:\/\/www.musikboutiquehotel.com\/wp-content\/uploads\/2026\/01\/woman-sitting-and-watching-to-gaudi-s-masterpiece-2026-01-05-00-08-23-utc-1024x683.jpg\" class=\"attachment-large size-large\" alt=\"Todas las obras de Gaud\u00ed en Barcelona\" srcset=\"https:\/\/www.musikboutiquehotel.com\/wp-content\/uploads\/2026\/01\/woman-sitting-and-watching-to-gaudi-s-masterpiece-2026-01-05-00-08-23-utc-1024x683.jpg 1024w, https:\/\/www.musikboutiquehotel.com\/wp-content\/uploads\/2026\/01\/woman-sitting-and-watching-to-gaudi-s-masterpiece-2026-01-05-00-08-23-utc-300x200.jpg 300w, https:\/\/www.musikboutiquehotel.com\/wp-content\/uploads\/2026\/01\/woman-sitting-and-watching-to-gaudi-s-masterpiece-2026-01-05-00-08-23-utc-768x512.jpg 768w, https:\/\/www.musikboutiquehotel.com\/wp-content\/uploads\/2026\/01\/woman-sitting-and-watching-to-gaudi-s-masterpiece-2026-01-05-00-08-23-utc-1536x1024.jpg 1536w\" sizes=\"auto, (max-width: 850px) 100vw, 850px\" \/>\t\t\t\t\t\t\t\t\t\t\t\t\t\t\t<\/div>\n\t\t\t\t<\/div>\n\t\t\t\t\t<\/div>\n\t\t<\/div>\n\t\t\t\t\t\t\t<\/div>\n\t\t<\/section>\n\t\t\t\t<section class=\"elementor-section elementor-top-section elementor-element elementor-element-183e338 elementor-section-boxed elementor-section-height-default elementor-section-height-default\" data-id=\"183e338\" data-element_type=\"section\">\n\t\t\t\t\t\t<div class=\"elementor-container elementor-column-gap-default\">\n\t\t\t\t\t<div class=\"elementor-column elementor-col-100 elementor-top-column elementor-element elementor-element-f15ae76\" data-id=\"f15ae76\" data-element_type=\"column\">\n\t\t\t<div class=\"elementor-widget-wrap elementor-element-populated\">\n\t\t\t\t\t\t\t\t<div class=\"elementor-element elementor-element-da2139a elementor-widget elementor-widget-text-editor\" data-id=\"da2139a\" data-element_type=\"widget\" data-widget_type=\"text-editor.default\">\n\t\t\t\t<div class=\"elementor-widget-container\">\n\t\t\t\t\t\t\t\t<h3><strong>Park G\u00fcell<\/strong><\/h3><p><strong>Park G\u00fcell<\/strong><span style=\"font-weight: 400;\"> es una de las creaciones m\u00e1s reconocibles y visitadas de la ciudad. Concebido originalmente como una urbanizaci\u00f3n privada, acab\u00f3 transform\u00e1ndose en un espacio p\u00fablico donde arquitectura y paisaje se funden de forma magistral. Aqu\u00ed, <\/span><strong>Antoni Gaud\u00ed<\/strong><span style=\"font-weight: 400;\"> explor\u00f3 al m\u00e1ximo su conexi\u00f3n con la naturaleza, integrando estructuras arquitect\u00f3nicas en el entorno natural.<\/span><\/p><p><span style=\"font-weight: 400;\">El famoso banco ondulante, los mosaicos de trencad\u00eds y las columnas que recuerdan a troncos de \u00e1rboles convierten este parque en una de las <\/span><strong>estructuras dise\u00f1adas por Antoni Gaud\u00ed<\/strong><span style=\"font-weight: 400;\"> m\u00e1s fotog\u00e9nicas y representativas. Visitarlo es entender c\u00f3mo el arte puede dialogar con el paisaje sin imponerse sobre \u00e9l.<\/span><\/p>\t\t\t\t\t\t<\/div>\n\t\t\t\t<\/div>\n\t\t\t\t\t<\/div>\n\t\t<\/div>\n\t\t\t\t\t\t\t<\/div>\n\t\t<\/section>\n\t\t\t\t<section class=\"elementor-section elementor-top-section elementor-element elementor-element-60cff80 elementor-section-boxed elementor-section-height-default elementor-section-height-default\" data-id=\"60cff80\" data-element_type=\"section\">\n\t\t\t\t\t\t<div class=\"elementor-container elementor-column-gap-default\">\n\t\t\t\t\t<div class=\"elementor-column elementor-col-100 elementor-top-column elementor-element elementor-element-435d6cb\" data-id=\"435d6cb\" data-element_type=\"column\">\n\t\t\t<div class=\"elementor-widget-wrap elementor-element-populated\">\n\t\t\t\t\t\t\t\t<div class=\"elementor-element elementor-element-f429a9a elementor-widget elementor-widget-image\" data-id=\"f429a9a\" data-element_type=\"widget\" data-widget_type=\"image.default\">\n\t\t\t\t<div class=\"elementor-widget-container\">\n\t\t\t\t\t\t\t\t\t\t\t\t\t\t\t<img loading=\"lazy\" decoding=\"async\" width=\"850\" height=\"567\" src=\"https:\/\/www.musikboutiquehotel.com\/wp-content\/uploads\/2026\/01\/woman-traveling-in-barcelona-2026-01-09-00-50-35-utc-1024x683.jpg\" class=\"attachment-large size-large\" alt=\"Todas las obras de Gaud\u00ed en Barcelona\" srcset=\"https:\/\/www.musikboutiquehotel.com\/wp-content\/uploads\/2026\/01\/woman-traveling-in-barcelona-2026-01-09-00-50-35-utc-1024x683.jpg 1024w, https:\/\/www.musikboutiquehotel.com\/wp-content\/uploads\/2026\/01\/woman-traveling-in-barcelona-2026-01-09-00-50-35-utc-300x200.jpg 300w, https:\/\/www.musikboutiquehotel.com\/wp-content\/uploads\/2026\/01\/woman-traveling-in-barcelona-2026-01-09-00-50-35-utc-768x513.jpg 768w, https:\/\/www.musikboutiquehotel.com\/wp-content\/uploads\/2026\/01\/woman-traveling-in-barcelona-2026-01-09-00-50-35-utc-1536x1025.jpg 1536w, https:\/\/www.musikboutiquehotel.com\/wp-content\/uploads\/2026\/01\/woman-traveling-in-barcelona-2026-01-09-00-50-35-utc-2048x1367.jpg 2048w, https:\/\/www.musikboutiquehotel.com\/wp-content\/uploads\/2026\/01\/woman-traveling-in-barcelona-2026-01-09-00-50-35-utc-615x410.jpg 615w\" sizes=\"auto, (max-width: 850px) 100vw, 850px\" \/>\t\t\t\t\t\t\t\t\t\t\t\t\t\t\t<\/div>\n\t\t\t\t<\/div>\n\t\t\t\t\t<\/div>\n\t\t<\/div>\n\t\t\t\t\t\t\t<\/div>\n\t\t<\/section>\n\t\t\t\t<section class=\"elementor-section elementor-top-section elementor-element elementor-element-6290756 elementor-section-boxed elementor-section-height-default elementor-section-height-default\" data-id=\"6290756\" data-element_type=\"section\">\n\t\t\t\t\t\t<div class=\"elementor-container elementor-column-gap-default\">\n\t\t\t\t\t<div class=\"elementor-column elementor-col-100 elementor-top-column elementor-element elementor-element-f9692ba\" data-id=\"f9692ba\" data-element_type=\"column\">\n\t\t\t<div class=\"elementor-widget-wrap elementor-element-populated\">\n\t\t\t\t\t\t\t\t<div class=\"elementor-element elementor-element-2f6a1b0 elementor-widget elementor-widget-text-editor\" data-id=\"2f6a1b0\" data-element_type=\"widget\" data-widget_type=\"text-editor.default\">\n\t\t\t\t<div class=\"elementor-widget-container\">\n\t\t\t\t\t\t\t\t<h3><strong>Casa Batll&oacute;<\/strong><\/h3>\n<p><span style=\"font-weight: 400;\">Situada en el Paseo de Gracia, Casa Batll&oacute; es una de las <\/span><strong>obras de arte de Antoni Gaud&iacute;<\/strong><span style=\"font-weight: 400;\"> que mejor expresa su faceta m&aacute;s imaginativa. La fachada, con formas ondulantes y colores cambiantes, evoca el movimiento del mar y la piel de un animal fant&aacute;stico. Nada en este edificio es casual.<\/span><\/p>\n<p><span style=\"font-weight: 400;\">En el interior, <\/span><strong>Antoni Gaud&iacute;<\/strong><span style=\"font-weight: 400;\"> dise&ntilde;&oacute; cada elemento pensando en la funcionalidad y la est&eacute;tica. La ventilaci&oacute;n natural, la entrada de luz y el uso de materiales nobles convierten la visita en una experiencia sensorial completa. Casa Batll&oacute; es un ejemplo perfecto de c&oacute;mo las <\/span><strong>estructuras dise&ntilde;adas por Antoni Gaud&iacute;<\/strong><span style=\"font-weight: 400;\"> combinan belleza y eficiencia.<\/span><\/p>\t\t\t\t\t\t<\/div>\n\t\t\t\t<\/div>\n\t\t\t\t\t<\/div>\n\t\t<\/div>\n\t\t\t\t\t\t\t<\/div>\n\t\t<\/section>\n\t\t\t\t<section class=\"elementor-section elementor-top-section elementor-element elementor-element-8de6667 elementor-section-boxed elementor-section-height-default elementor-section-height-default\" data-id=\"8de6667\" data-element_type=\"section\">\n\t\t\t\t\t\t<div class=\"elementor-container elementor-column-gap-default\">\n\t\t\t\t\t<div class=\"elementor-column elementor-col-100 elementor-top-column elementor-element elementor-element-f2c7163\" data-id=\"f2c7163\" data-element_type=\"column\">\n\t\t\t<div class=\"elementor-widget-wrap elementor-element-populated\">\n\t\t\t\t\t\t\t\t<div class=\"elementor-element elementor-element-a5b091b elementor-widget elementor-widget-image\" data-id=\"a5b091b\" data-element_type=\"widget\" data-widget_type=\"image.default\">\n\t\t\t\t<div class=\"elementor-widget-container\">\n\t\t\t\t\t\t\t\t\t\t\t\t\t\t\t<img loading=\"lazy\" decoding=\"async\" width=\"850\" height=\"933\" src=\"https:\/\/www.musikboutiquehotel.com\/wp-content\/uploads\/2026\/01\/casa-batllo-2026-01-08-06-47-38-utc-933x1024.jpg\" class=\"attachment-large size-large\" alt=\"Todas las obras de Gaud\u00ed en Barcelona\" srcset=\"https:\/\/www.musikboutiquehotel.com\/wp-content\/uploads\/2026\/01\/casa-batllo-2026-01-08-06-47-38-utc-933x1024.jpg 933w, https:\/\/www.musikboutiquehotel.com\/wp-content\/uploads\/2026\/01\/casa-batllo-2026-01-08-06-47-38-utc-273x300.jpg 273w, https:\/\/www.musikboutiquehotel.com\/wp-content\/uploads\/2026\/01\/casa-batllo-2026-01-08-06-47-38-utc-768x843.jpg 768w, https:\/\/www.musikboutiquehotel.com\/wp-content\/uploads\/2026\/01\/casa-batllo-2026-01-08-06-47-38-utc-1399x1536.jpg 1399w, https:\/\/www.musikboutiquehotel.com\/wp-content\/uploads\/2026\/01\/casa-batllo-2026-01-08-06-47-38-utc-1866x2048.jpg 1866w, https:\/\/www.musikboutiquehotel.com\/wp-content\/uploads\/2026\/01\/casa-batllo-2026-01-08-06-47-38-utc-615x675.jpg 615w\" sizes=\"auto, (max-width: 850px) 100vw, 850px\" \/>\t\t\t\t\t\t\t\t\t\t\t\t\t\t\t<\/div>\n\t\t\t\t<\/div>\n\t\t\t\t\t<\/div>\n\t\t<\/div>\n\t\t\t\t\t\t\t<\/div>\n\t\t<\/section>\n\t\t\t\t<section class=\"elementor-section elementor-top-section elementor-element elementor-element-dfd6aa8 elementor-section-boxed elementor-section-height-default elementor-section-height-default\" data-id=\"dfd6aa8\" data-element_type=\"section\">\n\t\t\t\t\t\t<div class=\"elementor-container elementor-column-gap-default\">\n\t\t\t\t\t<div class=\"elementor-column elementor-col-100 elementor-top-column elementor-element elementor-element-fc57df7\" data-id=\"fc57df7\" data-element_type=\"column\">\n\t\t\t<div class=\"elementor-widget-wrap elementor-element-populated\">\n\t\t\t\t\t\t\t\t<div class=\"elementor-element elementor-element-a4308b0 elementor-widget elementor-widget-text-editor\" data-id=\"a4308b0\" data-element_type=\"widget\" data-widget_type=\"text-editor.default\">\n\t\t\t\t<div class=\"elementor-widget-container\">\n\t\t\t\t\t\t\t\t<h3><strong>Casa Mil&agrave; (La Pedrera)<\/strong><\/h3>\n<p><span style=\"font-weight: 400;\">La Casa Mil&agrave;, conocida popularmente como La Pedrera, rompe con cualquier idea preconcebida de edificio residencial. Su fachada de piedra ondulante parece esculpida por el viento, mientras que la azotea alberga chimeneas que se han convertido en aut&eacute;nticas esculturas urbanas.<\/span><\/p>\n<p><span style=\"font-weight: 400;\">Esta obra marca un punto de madurez en la trayectoria de <\/span><strong>Antoni Gaud&iacute;<\/strong><span style=\"font-weight: 400;\">. Aqu&iacute;, las <\/span><strong>obras de arte de Antoni Gaud&iacute;<\/strong><span style=\"font-weight: 400;\"> se manifiestan a trav&eacute;s de soluciones estructurales innovadoras, como la ausencia de muros de carga, que permit&iacute;a una distribuci&oacute;n flexible de los espacios interiores, algo revolucionario para su &eacute;poca.<\/span><\/p>\t\t\t\t\t\t<\/div>\n\t\t\t\t<\/div>\n\t\t\t\t\t<\/div>\n\t\t<\/div>\n\t\t\t\t\t\t\t<\/div>\n\t\t<\/section>\n\t\t\t\t<section class=\"elementor-section elementor-top-section elementor-element elementor-element-df6e58e elementor-section-boxed elementor-section-height-default elementor-section-height-default\" data-id=\"df6e58e\" data-element_type=\"section\">\n\t\t\t\t\t\t<div class=\"elementor-container elementor-column-gap-default\">\n\t\t\t\t\t<div class=\"elementor-column elementor-col-100 elementor-top-column elementor-element elementor-element-5aef92c\" data-id=\"5aef92c\" data-element_type=\"column\">\n\t\t\t<div class=\"elementor-widget-wrap elementor-element-populated\">\n\t\t\t\t\t\t\t\t<div class=\"elementor-element elementor-element-d13c7ca elementor-widget elementor-widget-image\" data-id=\"d13c7ca\" data-element_type=\"widget\" data-widget_type=\"image.default\">\n\t\t\t\t<div class=\"elementor-widget-container\">\n\t\t\t\t\t\t\t\t\t\t\t\t\t\t\t<img loading=\"lazy\" decoding=\"async\" width=\"850\" height=\"567\" src=\"https:\/\/www.musikboutiquehotel.com\/wp-content\/uploads\/2026\/01\/barcelona-spain-la-pedrera-2026-01-07-00-14-37-utc-1024x683.jpg\" class=\"attachment-large size-large\" alt=\"Todas las obras de Gaud\u00ed en Barcelona\" srcset=\"https:\/\/www.musikboutiquehotel.com\/wp-content\/uploads\/2026\/01\/barcelona-spain-la-pedrera-2026-01-07-00-14-37-utc-1024x683.jpg 1024w, https:\/\/www.musikboutiquehotel.com\/wp-content\/uploads\/2026\/01\/barcelona-spain-la-pedrera-2026-01-07-00-14-37-utc-300x200.jpg 300w, https:\/\/www.musikboutiquehotel.com\/wp-content\/uploads\/2026\/01\/barcelona-spain-la-pedrera-2026-01-07-00-14-37-utc-768x513.jpg 768w, https:\/\/www.musikboutiquehotel.com\/wp-content\/uploads\/2026\/01\/barcelona-spain-la-pedrera-2026-01-07-00-14-37-utc-1536x1025.jpg 1536w, https:\/\/www.musikboutiquehotel.com\/wp-content\/uploads\/2026\/01\/barcelona-spain-la-pedrera-2026-01-07-00-14-37-utc-2048x1367.jpg 2048w, https:\/\/www.musikboutiquehotel.com\/wp-content\/uploads\/2026\/01\/barcelona-spain-la-pedrera-2026-01-07-00-14-37-utc-615x410.jpg 615w\" sizes=\"auto, (max-width: 850px) 100vw, 850px\" \/>\t\t\t\t\t\t\t\t\t\t\t\t\t\t\t<\/div>\n\t\t\t\t<\/div>\n\t\t\t\t\t<\/div>\n\t\t<\/div>\n\t\t\t\t\t\t\t<\/div>\n\t\t<\/section>\n\t\t\t\t<section class=\"elementor-section elementor-top-section elementor-element elementor-element-21b7f52 elementor-section-boxed elementor-section-height-default elementor-section-height-default\" data-id=\"21b7f52\" data-element_type=\"section\">\n\t\t\t\t\t\t<div class=\"elementor-container elementor-column-gap-default\">\n\t\t\t\t\t<div class=\"elementor-column elementor-col-100 elementor-top-column elementor-element elementor-element-8c305da\" data-id=\"8c305da\" data-element_type=\"column\">\n\t\t\t<div class=\"elementor-widget-wrap elementor-element-populated\">\n\t\t\t\t\t\t\t\t<div class=\"elementor-element elementor-element-d9d27ee elementor-widget elementor-widget-text-editor\" data-id=\"d9d27ee\" data-element_type=\"widget\" data-widget_type=\"text-editor.default\">\n\t\t\t\t<div class=\"elementor-widget-container\">\n\t\t\t\t\t\t\t\t<h3><strong>Palau G\u00fcell<\/strong><\/h3><p><span style=\"font-weight: 400;\">El Palau G\u00fcell fue uno de los primeros grandes encargos de <\/span><strong>Antoni Gaud\u00ed<\/strong><span style=\"font-weight: 400;\"> y un claro ejemplo de su capacidad para trabajar en espacios urbanos m\u00e1s contenidos. Situado cerca de Las Ramblas, este palacio urbano destaca por su sobriedad exterior y la riqueza de su interior.<\/span><\/p><p><span style=\"font-weight: 400;\">En \u00e9l se aprecian ya muchos de los elementos que definir\u00e1n las futuras <\/span><strong>estructuras dise\u00f1adas por Antoni Gaud\u00ed<\/strong><span style=\"font-weight: 400;\">: el uso del hierro forjado, los juegos de luz y sombra y una atenci\u00f3n obsesiva al detalle. Es una obra clave para comprender la evoluci\u00f3n creativa del arquitecto.<\/span><\/p>\t\t\t\t\t\t<\/div>\n\t\t\t\t<\/div>\n\t\t\t\t\t<\/div>\n\t\t<\/div>\n\t\t\t\t\t\t\t<\/div>\n\t\t<\/section>\n\t\t\t\t<section class=\"elementor-section elementor-top-section elementor-element elementor-element-adf4d81 elementor-section-boxed elementor-section-height-default elementor-section-height-default\" data-id=\"adf4d81\" data-element_type=\"section\">\n\t\t\t\t\t\t<div class=\"elementor-container elementor-column-gap-default\">\n\t\t\t\t\t<div class=\"elementor-column elementor-col-100 elementor-top-column elementor-element elementor-element-cac8af4\" data-id=\"cac8af4\" data-element_type=\"column\">\n\t\t\t<div class=\"elementor-widget-wrap elementor-element-populated\">\n\t\t\t\t\t\t\t\t<div class=\"elementor-element elementor-element-13788ee elementor-widget elementor-widget-image\" data-id=\"13788ee\" data-element_type=\"widget\" data-widget_type=\"image.default\">\n\t\t\t\t<div class=\"elementor-widget-container\">\n\t\t\t\t\t\t\t\t\t\t\t\t\t\t\t<img loading=\"lazy\" decoding=\"async\" width=\"407\" height=\"510\" src=\"https:\/\/www.musikboutiquehotel.com\/wp-content\/uploads\/2026\/01\/palau-guell.jpg\" class=\"attachment-large size-large\" alt=\"Todas las obras de Gaud\u00ed en Barcelona\" srcset=\"https:\/\/www.musikboutiquehotel.com\/wp-content\/uploads\/2026\/01\/palau-guell.jpg 407w, https:\/\/www.musikboutiquehotel.com\/wp-content\/uploads\/2026\/01\/palau-guell-239x300.jpg 239w\" sizes=\"auto, (max-width: 407px) 100vw, 407px\" \/>\t\t\t\t\t\t\t\t\t\t\t\t\t\t\t<\/div>\n\t\t\t\t<\/div>\n\t\t\t\t\t<\/div>\n\t\t<\/div>\n\t\t\t\t\t\t\t<\/div>\n\t\t<\/section>\n\t\t\t\t<section class=\"elementor-section elementor-top-section elementor-element elementor-element-e9f31e1 elementor-section-boxed elementor-section-height-default elementor-section-height-default\" data-id=\"e9f31e1\" data-element_type=\"section\">\n\t\t\t\t\t\t<div class=\"elementor-container elementor-column-gap-default\">\n\t\t\t\t\t<div class=\"elementor-column elementor-col-100 elementor-top-column elementor-element elementor-element-71cc32d\" data-id=\"71cc32d\" data-element_type=\"column\">\n\t\t\t<div class=\"elementor-widget-wrap elementor-element-populated\">\n\t\t\t\t\t\t\t\t<div class=\"elementor-element elementor-element-0735c33 elementor-widget elementor-widget-text-editor\" data-id=\"0735c33\" data-element_type=\"widget\" data-widget_type=\"text-editor.default\">\n\t\t\t\t<div class=\"elementor-widget-container\">\n\t\t\t\t\t\t\t\t<p><span style=\"font-weight: 400;\">Foto: Palau G&uuml;ell<\/span><\/p>\n<h3><strong>Casa Vicens<\/strong><\/h3>\n<p><span style=\"font-weight: 400;\">Casa Vicens es considerada la primera gran obra de <\/span><strong>Antoni Gaud&iacute;<\/strong><span style=\"font-weight: 400;\">. En ella se percibe una fuerte influencia oriental y mud&eacute;jar, con un uso muy marcado del color y los patrones geom&eacute;tricos. Este edificio marca el inicio de una carrera que transformar&iacute;a para siempre la arquitectura de Barcelona.<\/span><\/p>\n<p><span style=\"font-weight: 400;\">Como muchas <\/span><strong>obras de arte de Antoni Gaud&iacute;<\/strong><span style=\"font-weight: 400;\">, Casa Vicens demuestra su inter&eacute;s por la artesan&iacute;a y los materiales, integrando cer&aacute;mica, hierro y madera en una composici&oacute;n arm&oacute;nica y sorprendente.<\/span><\/p>\t\t\t\t\t\t<\/div>\n\t\t\t\t<\/div>\n\t\t\t\t\t<\/div>\n\t\t<\/div>\n\t\t\t\t\t\t\t<\/div>\n\t\t<\/section>\n\t\t\t\t<section class=\"elementor-section elementor-top-section elementor-element elementor-element-1100c77 elementor-section-boxed elementor-section-height-default elementor-section-height-default\" data-id=\"1100c77\" data-element_type=\"section\">\n\t\t\t\t\t\t<div class=\"elementor-container elementor-column-gap-default\">\n\t\t\t\t\t<div class=\"elementor-column elementor-col-100 elementor-top-column elementor-element elementor-element-f9251c9\" data-id=\"f9251c9\" data-element_type=\"column\">\n\t\t\t<div class=\"elementor-widget-wrap elementor-element-populated\">\n\t\t\t\t\t\t\t\t<div class=\"elementor-element elementor-element-739b0f3 elementor-widget elementor-widget-image\" data-id=\"739b0f3\" data-element_type=\"widget\" data-widget_type=\"image.default\">\n\t\t\t\t<div class=\"elementor-widget-container\">\n\t\t\t\t\t\t\t\t\t\t\t\t\t\t\t<img loading=\"lazy\" decoding=\"async\" width=\"680\" height=\"454\" src=\"https:\/\/www.musikboutiquehotel.com\/wp-content\/uploads\/2026\/01\/casa-vicens.jpg\" class=\"attachment-large size-large\" alt=\"Todas las obras de Gaud\u00ed en Barcelona\" srcset=\"https:\/\/www.musikboutiquehotel.com\/wp-content\/uploads\/2026\/01\/casa-vicens.jpg 680w, https:\/\/www.musikboutiquehotel.com\/wp-content\/uploads\/2026\/01\/casa-vicens-300x200.jpg 300w, https:\/\/www.musikboutiquehotel.com\/wp-content\/uploads\/2026\/01\/casa-vicens-615x411.jpg 615w\" sizes=\"auto, (max-width: 680px) 100vw, 680px\" \/>\t\t\t\t\t\t\t\t\t\t\t\t\t\t\t<\/div>\n\t\t\t\t<\/div>\n\t\t\t\t\t<\/div>\n\t\t<\/div>\n\t\t\t\t\t\t\t<\/div>\n\t\t<\/section>\n\t\t\t\t<section class=\"elementor-section elementor-top-section elementor-element elementor-element-3d68ae4 elementor-section-boxed elementor-section-height-default elementor-section-height-default\" data-id=\"3d68ae4\" data-element_type=\"section\">\n\t\t\t\t\t\t<div class=\"elementor-container elementor-column-gap-default\">\n\t\t\t\t\t<div class=\"elementor-column elementor-col-100 elementor-top-column elementor-element elementor-element-e81d774\" data-id=\"e81d774\" data-element_type=\"column\">\n\t\t\t<div class=\"elementor-widget-wrap elementor-element-populated\">\n\t\t\t\t\t\t\t\t<div class=\"elementor-element elementor-element-94c7bc8 elementor-widget elementor-widget-text-editor\" data-id=\"94c7bc8\" data-element_type=\"widget\" data-widget_type=\"text-editor.default\">\n\t\t\t\t<div class=\"elementor-widget-container\">\n\t\t\t\t\t\t\t\t<p><span style=\"font-weight: 400;\">Foto: Casa Vicens<\/span><\/p>\n<h3><strong>Casa Calvet<\/strong><\/h3>\n<p><span style=\"font-weight: 400;\">M&aacute;s discreta que otras creaciones, Casa Calvet es una de las <\/span><strong>estructuras dise&ntilde;adas por Antoni Gaud&iacute;<\/strong><span style=\"font-weight: 400;\"> m&aacute;s convencionales en apariencia, aunque no por ello menos interesante. Fue concebida como un edificio residencial y comercial, adapt&aacute;ndose a las normativas urbanas de la &eacute;poca.<\/span><\/p>\n<p><span style=\"font-weight: 400;\">Aun as&iacute;, <\/span><strong>Antoni Gaud&iacute;<\/strong><span style=\"font-weight: 400;\"> dej&oacute; su sello personal en los detalles ornamentales, el mobiliario dise&ntilde;ado a medida y la cuidada composici&oacute;n de la fachada, demostrando que incluso dentro de l&iacute;mites formales era capaz de innovar.<\/span><\/p>\t\t\t\t\t\t<\/div>\n\t\t\t\t<\/div>\n\t\t\t\t\t<\/div>\n\t\t<\/div>\n\t\t\t\t\t\t\t<\/div>\n\t\t<\/section>\n\t\t\t\t<section class=\"elementor-section elementor-top-section elementor-element elementor-element-1fe6f11 elementor-section-boxed elementor-section-height-default elementor-section-height-default\" data-id=\"1fe6f11\" data-element_type=\"section\">\n\t\t\t\t\t\t<div class=\"elementor-container elementor-column-gap-default\">\n\t\t\t\t\t<div class=\"elementor-column elementor-col-100 elementor-top-column elementor-element elementor-element-de39260\" data-id=\"de39260\" data-element_type=\"column\">\n\t\t\t<div class=\"elementor-widget-wrap elementor-element-populated\">\n\t\t\t\t\t\t\t\t<div class=\"elementor-element elementor-element-c4c2500 elementor-widget elementor-widget-image\" data-id=\"c4c2500\" data-element_type=\"widget\" data-widget_type=\"image.default\">\n\t\t\t\t<div class=\"elementor-widget-container\">\n\t\t\t\t\t\t\t\t\t\t\t\t\t\t\t<img loading=\"lazy\" decoding=\"async\" width=\"680\" height=\"450\" src=\"https:\/\/www.musikboutiquehotel.com\/wp-content\/uploads\/2026\/01\/casa-calvet.jpg\" class=\"attachment-large size-large\" alt=\"Todas las obras de Gaud\u00ed en Barcelona\" srcset=\"https:\/\/www.musikboutiquehotel.com\/wp-content\/uploads\/2026\/01\/casa-calvet.jpg 680w, https:\/\/www.musikboutiquehotel.com\/wp-content\/uploads\/2026\/01\/casa-calvet-300x199.jpg 300w, https:\/\/www.musikboutiquehotel.com\/wp-content\/uploads\/2026\/01\/casa-calvet-615x407.jpg 615w\" sizes=\"auto, (max-width: 680px) 100vw, 680px\" \/>\t\t\t\t\t\t\t\t\t\t\t\t\t\t\t<\/div>\n\t\t\t\t<\/div>\n\t\t\t\t\t<\/div>\n\t\t<\/div>\n\t\t\t\t\t\t\t<\/div>\n\t\t<\/section>\n\t\t\t\t<section class=\"elementor-section elementor-top-section elementor-element elementor-element-f63bb44 elementor-section-boxed elementor-section-height-default elementor-section-height-default\" data-id=\"f63bb44\" data-element_type=\"section\">\n\t\t\t\t\t\t<div class=\"elementor-container elementor-column-gap-default\">\n\t\t\t\t\t<div class=\"elementor-column elementor-col-100 elementor-top-column elementor-element elementor-element-ad8ab17\" data-id=\"ad8ab17\" data-element_type=\"column\">\n\t\t\t<div class=\"elementor-widget-wrap elementor-element-populated\">\n\t\t\t\t\t\t\t\t<div class=\"elementor-element elementor-element-a2c6b5f elementor-widget elementor-widget-text-editor\" data-id=\"a2c6b5f\" data-element_type=\"widget\" data-widget_type=\"text-editor.default\">\n\t\t\t\t<div class=\"elementor-widget-container\">\n\t\t\t\t\t\t\t\t<p><span style=\"font-weight: 400;\">Foto: Casa Calvet<\/span><\/p>\n<h3><strong>Torre Bellesguard o Casa Figueras<\/strong><\/h3>\n<p><span style=\"font-weight: 400;\">Ubicada en un entorno m&aacute;s tranquilo, la Torre Bellesguard combina historia y modernidad. <\/span><strong>Antoni Gaud&iacute;<\/strong><span style=\"font-weight: 400;\"> se inspir&oacute; en un antiguo castillo medieval para crear una de sus <\/span><strong>obras de arte de Antoni Gaud&iacute;<\/strong><span style=\"font-weight: 400;\"> m&aacute;s singulares.<\/span><\/p>\n<p><span style=\"font-weight: 400;\">La estructura, de l&iacute;neas m&aacute;s rectas de lo habitual, muestra una faceta menos conocida del arquitecto, sin renunciar a los s&iacute;mbolos y referencias naturales que caracterizan las <\/span><strong>estructuras dise&ntilde;adas por Antoni Gaud&iacute;<\/strong><span style=\"font-weight: 400;\">.<\/span><\/p>\t\t\t\t\t\t<\/div>\n\t\t\t\t<\/div>\n\t\t\t\t\t<\/div>\n\t\t<\/div>\n\t\t\t\t\t\t\t<\/div>\n\t\t<\/section>\n\t\t\t\t<section class=\"elementor-section elementor-top-section elementor-element elementor-element-2605fce elementor-section-boxed elementor-section-height-default elementor-section-height-default\" data-id=\"2605fce\" data-element_type=\"section\">\n\t\t\t\t\t\t<div class=\"elementor-container elementor-column-gap-default\">\n\t\t\t\t\t<div class=\"elementor-column elementor-col-100 elementor-top-column elementor-element elementor-element-46a373c\" data-id=\"46a373c\" data-element_type=\"column\">\n\t\t\t<div class=\"elementor-widget-wrap elementor-element-populated\">\n\t\t\t\t\t\t\t\t<div class=\"elementor-element elementor-element-0614bec elementor-widget elementor-widget-image\" data-id=\"0614bec\" data-element_type=\"widget\" data-widget_type=\"image.default\">\n\t\t\t\t<div class=\"elementor-widget-container\">\n\t\t\t\t\t\t\t\t\t\t\t\t\t\t\t<img loading=\"lazy\" decoding=\"async\" width=\"382\" height=\"510\" src=\"https:\/\/www.musikboutiquehotel.com\/wp-content\/uploads\/2026\/01\/torre-bellesguard.jpg\" class=\"attachment-large size-large\" alt=\"Todas las obras de Gaud\u00ed en Barcelona\" srcset=\"https:\/\/www.musikboutiquehotel.com\/wp-content\/uploads\/2026\/01\/torre-bellesguard.jpg 382w, https:\/\/www.musikboutiquehotel.com\/wp-content\/uploads\/2026\/01\/torre-bellesguard-225x300.jpg 225w\" sizes=\"auto, (max-width: 382px) 100vw, 382px\" \/>\t\t\t\t\t\t\t\t\t\t\t\t\t\t\t<\/div>\n\t\t\t\t<\/div>\n\t\t\t\t\t<\/div>\n\t\t<\/div>\n\t\t\t\t\t\t\t<\/div>\n\t\t<\/section>\n\t\t\t\t<section class=\"elementor-section elementor-top-section elementor-element elementor-element-b7e8969 elementor-section-boxed elementor-section-height-default elementor-section-height-default\" data-id=\"b7e8969\" data-element_type=\"section\">\n\t\t\t\t\t\t<div class=\"elementor-container elementor-column-gap-default\">\n\t\t\t\t\t<div class=\"elementor-column elementor-col-100 elementor-top-column elementor-element elementor-element-b9085a7\" data-id=\"b9085a7\" data-element_type=\"column\">\n\t\t\t<div class=\"elementor-widget-wrap elementor-element-populated\">\n\t\t\t\t\t\t\t\t<div class=\"elementor-element elementor-element-f0145ff elementor-widget elementor-widget-text-editor\" data-id=\"f0145ff\" data-element_type=\"widget\" data-widget_type=\"text-editor.default\">\n\t\t\t\t<div class=\"elementor-widget-container\">\n\t\t\t\t\t\t\t\t<p><span style=\"font-weight: 400;\">Foto: Torre Bellesguard o Casa Figueras<\/span><\/p>\n<h3><strong>Colegio de las Teresianas<\/strong><\/h3>\n<p><span style=\"font-weight: 400;\">Este edificio educativo refleja el lado m&aacute;s austero y funcional de <\/span><strong>Antoni Gaud&iacute;<\/strong><span style=\"font-weight: 400;\">. Construido con ladrillo y una ornamentaci&oacute;n muy contenida, el Colegio de las Teresianas demuestra que las <\/span><strong>obras de arte de Antoni Gaud&iacute;<\/strong><span style=\"font-weight: 400;\"> no siempre buscan el impacto visual inmediato. Si la visita se plantea como parte de un recorrido m&aacute;s &iacute;ntimo y tranquilo, tambi&eacute;n puede encajar muy bien dentro de una escapada en pareja como las que seleccionamos en nuestro art&iacute;culo sobre <\/span><a href=\"https:\/\/www.musikboutiquehotel.com\/es\/los-mejores-planes-en-pareja-en-barcelona\/\"><span style=\"font-weight: 400;\">planes en pareja en Barcelona<\/span><\/a><span style=\"font-weight: 400;\">.<\/span><\/p>\n<p><span style=\"font-weight: 400;\">Aqu&iacute;, el arquitecto prioriz&oacute; la funcionalidad, la iluminaci&oacute;n natural y la simbolog&iacute;a religiosa, integrando todos estos elementos en una estructura coherente y elegante.<\/span><\/p>\t\t\t\t\t\t<\/div>\n\t\t\t\t<\/div>\n\t\t\t\t\t<\/div>\n\t\t<\/div>\n\t\t\t\t\t\t\t<\/div>\n\t\t<\/section>\n\t\t\t\t<section class=\"elementor-section elementor-top-section elementor-element elementor-element-a40dea5 elementor-section-boxed elementor-section-height-default elementor-section-height-default\" data-id=\"a40dea5\" data-element_type=\"section\">\n\t\t\t\t\t\t<div class=\"elementor-container elementor-column-gap-default\">\n\t\t\t\t\t<div class=\"elementor-column elementor-col-100 elementor-top-column elementor-element elementor-element-994a6d2\" data-id=\"994a6d2\" data-element_type=\"column\">\n\t\t\t<div class=\"elementor-widget-wrap elementor-element-populated\">\n\t\t\t\t\t\t\t\t<div class=\"elementor-element elementor-element-6b1fb6a elementor-widget elementor-widget-text-editor\" data-id=\"6b1fb6a\" data-element_type=\"widget\" data-widget_type=\"text-editor.default\">\n\t\t\t\t<div class=\"elementor-widget-container\">\n\t\t\t\t\t\t\t\t<h3><strong>Pabellones de la Finca G&uuml;ell<\/strong><\/h3>\n<p><span style=\"font-weight: 400;\">Los Pabellones de la Finca G&uuml;ell son una muestra del talento de <\/span><strong>Antoni Gaud&iacute;<\/strong><span style=\"font-weight: 400;\"> para transformar espacios utilitarios en aut&eacute;nticas piezas art&iacute;sticas. Destacan especialmente la puerta del drag&oacute;n y las formas org&aacute;nicas de los edificios.<\/span><\/p>\n<p><span style=\"font-weight: 400;\">Estas construcciones forman parte de las <\/span><strong>estructuras dise&ntilde;adas por Antoni Gaud&iacute;<\/strong><span style=\"font-weight: 400;\"> que anticipan soluciones est&eacute;ticas y t&eacute;cnicas que desarrollar&iacute;a en proyectos posteriores.<\/span><\/p>\t\t\t\t\t\t<\/div>\n\t\t\t\t<\/div>\n\t\t\t\t\t<\/div>\n\t\t<\/div>\n\t\t\t\t\t\t\t<\/div>\n\t\t<\/section>\n\t\t\t\t<section class=\"elementor-section elementor-top-section elementor-element elementor-element-6fe9553 elementor-section-boxed elementor-section-height-default elementor-section-height-default\" data-id=\"6fe9553\" data-element_type=\"section\">\n\t\t\t\t\t\t<div class=\"elementor-container elementor-column-gap-default\">\n\t\t\t\t\t<div class=\"elementor-column elementor-col-100 elementor-top-column elementor-element elementor-element-d1a82ab\" data-id=\"d1a82ab\" data-element_type=\"column\">\n\t\t\t<div class=\"elementor-widget-wrap elementor-element-populated\">\n\t\t\t\t\t\t\t\t<div class=\"elementor-element elementor-element-bd5c7e0 elementor-widget elementor-widget-image\" data-id=\"bd5c7e0\" data-element_type=\"widget\" data-widget_type=\"image.default\">\n\t\t\t\t<div class=\"elementor-widget-container\">\n\t\t\t\t\t\t\t\t\t\t\t\t\t\t\t<img loading=\"lazy\" decoding=\"async\" width=\"680\" height=\"510\" src=\"https:\/\/www.musikboutiquehotel.com\/wp-content\/uploads\/2026\/01\/pabellones-guell.jpg\" class=\"attachment-large size-large\" alt=\"Todas las obras de Gaud\u00ed en Barcelona\" srcset=\"https:\/\/www.musikboutiquehotel.com\/wp-content\/uploads\/2026\/01\/pabellones-guell.jpg 680w, https:\/\/www.musikboutiquehotel.com\/wp-content\/uploads\/2026\/01\/pabellones-guell-300x225.jpg 300w, https:\/\/www.musikboutiquehotel.com\/wp-content\/uploads\/2026\/01\/pabellones-guell-615x461.jpg 615w\" sizes=\"auto, (max-width: 680px) 100vw, 680px\" \/>\t\t\t\t\t\t\t\t\t\t\t\t\t\t\t<\/div>\n\t\t\t\t<\/div>\n\t\t\t\t\t<\/div>\n\t\t<\/div>\n\t\t\t\t\t\t\t<\/div>\n\t\t<\/section>\n\t\t\t\t<section class=\"elementor-section elementor-top-section elementor-element elementor-element-ab0afa1 elementor-section-boxed elementor-section-height-default elementor-section-height-default\" data-id=\"ab0afa1\" data-element_type=\"section\">\n\t\t\t\t\t\t<div class=\"elementor-container elementor-column-gap-default\">\n\t\t\t\t\t<div class=\"elementor-column elementor-col-100 elementor-top-column elementor-element elementor-element-198183d\" data-id=\"198183d\" data-element_type=\"column\">\n\t\t\t<div class=\"elementor-widget-wrap elementor-element-populated\">\n\t\t\t\t\t\t\t\t<div class=\"elementor-element elementor-element-bf2bf61 elementor-widget elementor-widget-text-editor\" data-id=\"bf2bf61\" data-element_type=\"widget\" data-widget_type=\"text-editor.default\">\n\t\t\t\t<div class=\"elementor-widget-container\">\n\t\t\t\t\t\t\t\t<p><span style=\"font-weight: 400;\">Foto: Pabellones de la Finca G&uuml;ell<\/span><\/p>\n<h3><strong>Portal Miralles<\/strong><\/h3>\n<p><span style=\"font-weight: 400;\">El Portal Miralles es una intervenci&oacute;n urbana menos conocida, pero esencial para comprender el universo creativo de <\/span><strong>Antoni Gaud&iacute;<\/strong><span style=\"font-weight: 400;\">. Se trata de un muro ondulante que funciona como acceso a una antigua finca.<\/span><\/p>\n<p><span style=\"font-weight: 400;\">Este tipo de obra demuestra c&oacute;mo las <\/span><strong>obras de arte de Antoni Gaud&iacute;<\/strong><span style=\"font-weight: 400;\"> pueden encontrarse tambi&eacute;n en elementos aparentemente secundarios del paisaje urbano.<\/span><\/p>\t\t\t\t\t\t<\/div>\n\t\t\t\t<\/div>\n\t\t\t\t\t<\/div>\n\t\t<\/div>\n\t\t\t\t\t\t\t<\/div>\n\t\t<\/section>\n\t\t\t\t<section class=\"elementor-section elementor-top-section elementor-element elementor-element-29b6e6b elementor-section-boxed elementor-section-height-default elementor-section-height-default\" data-id=\"29b6e6b\" data-element_type=\"section\">\n\t\t\t\t\t\t<div class=\"elementor-container elementor-column-gap-default\">\n\t\t\t\t\t<div class=\"elementor-column elementor-col-100 elementor-top-column elementor-element elementor-element-3ef50e3\" data-id=\"3ef50e3\" data-element_type=\"column\">\n\t\t\t<div class=\"elementor-widget-wrap elementor-element-populated\">\n\t\t\t\t\t\t\t\t<div class=\"elementor-element elementor-element-3185884 elementor-widget elementor-widget-image\" data-id=\"3185884\" data-element_type=\"widget\" data-widget_type=\"image.default\">\n\t\t\t\t<div class=\"elementor-widget-container\">\n\t\t\t\t\t\t\t\t\t\t\t\t\t\t\t<img loading=\"lazy\" decoding=\"async\" width=\"382\" height=\"510\" src=\"https:\/\/www.musikboutiquehotel.com\/wp-content\/uploads\/2026\/01\/portal-miralles.jpg\" class=\"attachment-large size-large\" alt=\"\" srcset=\"https:\/\/www.musikboutiquehotel.com\/wp-content\/uploads\/2026\/01\/portal-miralles.jpg 382w, https:\/\/www.musikboutiquehotel.com\/wp-content\/uploads\/2026\/01\/portal-miralles-225x300.jpg 225w\" sizes=\"auto, (max-width: 382px) 100vw, 382px\" \/>\t\t\t\t\t\t\t\t\t\t\t\t\t\t\t<\/div>\n\t\t\t\t<\/div>\n\t\t\t\t\t<\/div>\n\t\t<\/div>\n\t\t\t\t\t\t\t<\/div>\n\t\t<\/section>\n\t\t\t\t<section class=\"elementor-section elementor-top-section elementor-element elementor-element-49bc3bf elementor-section-boxed elementor-section-height-default elementor-section-height-default\" data-id=\"49bc3bf\" data-element_type=\"section\">\n\t\t\t\t\t\t<div class=\"elementor-container elementor-column-gap-default\">\n\t\t\t\t\t<div class=\"elementor-column elementor-col-100 elementor-top-column elementor-element elementor-element-9bde029\" data-id=\"9bde029\" data-element_type=\"column\">\n\t\t\t<div class=\"elementor-widget-wrap elementor-element-populated\">\n\t\t\t\t\t\t\t\t<div class=\"elementor-element elementor-element-2f48e3f elementor-widget elementor-widget-text-editor\" data-id=\"2f48e3f\" data-element_type=\"widget\" data-widget_type=\"text-editor.default\">\n\t\t\t\t<div class=\"elementor-widget-container\">\n\t\t\t\t\t\t\t\t<p><span style=\"font-weight: 400;\">Foto: Portal Miralles<\/span><\/p>\n<h3><strong>Farolas de la Plaza Reial<\/strong><\/h3>\n<p><span style=\"font-weight: 400;\">Las farolas de la Plaza Reial son uno de los primeros trabajos de <\/span><strong>Antoni Gaud&iacute;<\/strong><span style=\"font-weight: 400;\"> en el espacio p&uacute;blico. Aunque sencillas en comparaci&oacute;n con otras creaciones, ya muestran su inter&eacute;s por el dise&ntilde;o funcional y simb&oacute;lico.<\/span><\/p>\n<p><span style=\"font-weight: 400;\">Estas piezas forman parte de las <\/span><strong>estructuras dise&ntilde;adas por Antoni Gaud&iacute;<\/strong><span style=\"font-weight: 400;\"> que muchas veces pasan desapercibidas, pero que enriquecen la experiencia urbana de Barcelona.<\/span><\/p>\t\t\t\t\t\t<\/div>\n\t\t\t\t<\/div>\n\t\t\t\t\t<\/div>\n\t\t<\/div>\n\t\t\t\t\t\t\t<\/div>\n\t\t<\/section>\n\t\t\t\t<section class=\"elementor-section elementor-top-section elementor-element elementor-element-a20c238 elementor-section-boxed elementor-section-height-default elementor-section-height-default\" data-id=\"a20c238\" data-element_type=\"section\">\n\t\t\t\t\t\t<div class=\"elementor-container elementor-column-gap-default\">\n\t\t\t\t\t<div class=\"elementor-column elementor-col-100 elementor-top-column elementor-element elementor-element-9109517\" data-id=\"9109517\" data-element_type=\"column\">\n\t\t\t<div class=\"elementor-widget-wrap elementor-element-populated\">\n\t\t\t\t\t\t\t\t<div class=\"elementor-element elementor-element-c88333f elementor-widget elementor-widget-text-editor\" data-id=\"c88333f\" data-element_type=\"widget\" data-widget_type=\"text-editor.default\">\n\t\t\t\t<div class=\"elementor-widget-container\">\n\t\t\t\t\t\t\t\t<h3><strong>Fuente de H&eacute;rcules (Palau de Pedralbes)<\/strong><\/h3>\n<p><span style=\"font-weight: 400;\">La Fuente de H&eacute;rcules es una obra discreta y elegante que refleja la capacidad de <\/span><strong>Antoni Gaud&iacute;<\/strong><span style=\"font-weight: 400;\"> para integrar arte y naturaleza. Situada en los jardines del Palau de Pedralbes, es una de las <\/span><strong>obras de arte de Antoni Gaud&iacute;<\/strong><span style=\"font-weight: 400;\"> menos visitadas, pero cargada de simbolismo.<\/span><\/p>\n<h3><strong>Mosaico de la Iglesia de Sant Paci&agrave;<\/strong><\/h3>\n<p><span style=\"font-weight: 400;\">Este mosaico es una muestra del dominio de <\/span><strong>Antoni Gaud&iacute;<\/strong><span style=\"font-weight: 400;\"> en t&eacute;cnicas decorativas. A trav&eacute;s del uso del color y la composici&oacute;n, crea una obra que combina espiritualidad y arte, cerrando as&iacute; el recorrido por sus creaciones en la ciudad.<\/span><\/p>\t\t\t\t\t\t<\/div>\n\t\t\t\t<\/div>\n\t\t\t\t\t<\/div>\n\t\t<\/div>\n\t\t\t\t\t\t\t<\/div>\n\t\t<\/section>\n\t\t\t\t<section class=\"elementor-section elementor-top-section elementor-element elementor-element-9cbb5e7 elementor-section-boxed elementor-section-height-default elementor-section-height-default\" data-id=\"9cbb5e7\" data-element_type=\"section\">\n\t\t\t\t\t\t<div class=\"elementor-container elementor-column-gap-default\">\n\t\t\t\t\t<div class=\"elementor-column elementor-col-100 elementor-top-column elementor-element elementor-element-5952b9d\" data-id=\"5952b9d\" data-element_type=\"column\">\n\t\t\t<div class=\"elementor-widget-wrap elementor-element-populated\">\n\t\t\t\t\t\t\t\t<div class=\"elementor-element elementor-element-90250aa elementor-widget elementor-widget-image\" data-id=\"90250aa\" data-element_type=\"widget\" data-widget_type=\"image.default\">\n\t\t\t\t<div class=\"elementor-widget-container\">\n\t\t\t\t\t\t\t\t\t\t\t\t\t\t\t<img loading=\"lazy\" decoding=\"async\" width=\"287\" height=\"510\" src=\"https:\/\/www.musikboutiquehotel.com\/wp-content\/uploads\/2026\/01\/mosaico-sant-pacia.jpg\" class=\"attachment-large size-large\" alt=\"Todas las obras de Gaud\u00ed en Barcelona\" srcset=\"https:\/\/www.musikboutiquehotel.com\/wp-content\/uploads\/2026\/01\/mosaico-sant-pacia.jpg 287w, https:\/\/www.musikboutiquehotel.com\/wp-content\/uploads\/2026\/01\/mosaico-sant-pacia-169x300.jpg 169w\" sizes=\"auto, (max-width: 287px) 100vw, 287px\" \/>\t\t\t\t\t\t\t\t\t\t\t\t\t\t\t<\/div>\n\t\t\t\t<\/div>\n\t\t\t\t\t<\/div>\n\t\t<\/div>\n\t\t\t\t\t\t\t<\/div>\n\t\t<\/section>\n\t\t\t\t<section class=\"elementor-section elementor-top-section elementor-element elementor-element-3285f69 elementor-section-boxed elementor-section-height-default elementor-section-height-default\" data-id=\"3285f69\" data-element_type=\"section\">\n\t\t\t\t\t\t<div class=\"elementor-container elementor-column-gap-default\">\n\t\t\t\t\t<div class=\"elementor-column elementor-col-100 elementor-top-column elementor-element elementor-element-6f2622a\" data-id=\"6f2622a\" data-element_type=\"column\">\n\t\t\t<div class=\"elementor-widget-wrap elementor-element-populated\">\n\t\t\t\t\t\t\t\t<div class=\"elementor-element elementor-element-5b221c0 elementor-widget elementor-widget-text-editor\" data-id=\"5b221c0\" data-element_type=\"widget\" data-widget_type=\"text-editor.default\">\n\t\t\t\t<div class=\"elementor-widget-container\">\n\t\t\t\t\t\t\t\t<p><span style=\"font-weight: 400;\">Foto: Mosaico de la Iglesia de Sant Paci&agrave;<\/span><\/p>\n<h2><strong>Musik Boutique Hotel y su gu&iacute;a: una forma distinta de descubrir Barcelona<\/strong><\/h2>\n<p><span style=\"font-weight: 400;\">Descubrir las creaciones de <\/span><strong>Antoni Gaud&iacute;<\/strong><span style=\"font-weight: 400;\"> es una de las experiencias m&aacute;s enriquecedoras que ofrece Barcelona. En <\/span><a href=\"https:\/\/www.musikboutiquehotel.com\/es\/\"><span style=\"font-weight: 400;\">Musik Boutique Hotel<\/span><\/a><span style=\"font-weight: 400;\">, entendemos la ciudad como un escenario cultural en constante di&aacute;logo entre pasado y presente. Por eso, nuestra <\/span><a href=\"https:\/\/www.musikboutiquehotel.com\/es\/guia-de-barcelona\/\"><span style=\"font-weight: 400;\">gu&iacute;a de Barcelona<\/span><\/a><span style=\"font-weight: 400;\"> no solo te invita a visitar monumentos, sino a vivir la arquitectura como parte de tu estancia. Si adem&aacute;s te apetece ampliar el contexto del barrio donde todo cobra vida, es muy recomendable consultar nuestro art&iacute;culo sobre la <\/span><a href=\"https:\/\/www.musikboutiquehotel.com\/es\/historia-de-el-born-barcelona\/\"><span style=\"font-weight: 400;\">historia del Born<\/span><\/a><span style=\"font-weight: 400;\">.<\/span><\/p>\n<p><span style=\"font-weight: 400;\">Desde nuestra ubicaci&oacute;n privilegiada, podr&aacute;s organizar rutas personalizadas para explorar las <\/span><strong>estructuras dise&ntilde;adas por Antoni Gaud&iacute;<\/strong><span style=\"font-weight: 400;\">, alternando los grandes iconos con rincones menos conocidos. Para planificar la llegada con tranquilidad y empezar la ruta sin fricciones, tambi&eacute;n te puede resultar &uacute;til revisar nuestra gu&iacute;a sobre <\/span><a href=\"https:\/\/www.musikboutiquehotel.com\/es\/cuanto-cuesta-taxi-aeropuerto-barcelona-centro\/\"><span style=\"font-weight: 400;\">cu&aacute;nto cuesta un taxi desde el aeropuerto de Barcelona<\/span><\/a><span style=\"font-weight: 400;\">. Barcelona se revela en los detalles, y nosotros estamos aqu&iacute; para ayudarle a descubrirlos con la calma, el confort y la inspiraci&oacute;n que definen la experiencia Musik Boutique Hotel.<\/span><\/p>\t\t\t\t\t\t<\/div>\n\t\t\t\t<\/div>\n\t\t\t\t\t<\/div>\n\t\t<\/div>\n\t\t\t\t\t\t\t<\/div>\n\t\t<\/section>\n\t\t\t\t<section class=\"elementor-section elementor-top-section elementor-element elementor-element-97b510a elementor-section-boxed elementor-section-height-default elementor-section-height-default\" data-id=\"97b510a\" data-element_type=\"section\">\n\t\t\t\t\t\t<div class=\"elementor-container elementor-column-gap-default\">\n\t\t\t\t\t<div class=\"elementor-column elementor-col-100 elementor-top-column elementor-element elementor-element-c0de683\" data-id=\"c0de683\" data-element_type=\"column\">\n\t\t\t<div class=\"elementor-widget-wrap elementor-element-populated\">\n\t\t\t\t\t\t\t\t<div class=\"elementor-element elementor-element-b426b4d elementor-widget elementor-widget-shortcode\" data-id=\"b426b4d\" data-element_type=\"widget\" data-widget_type=\"shortcode.default\">\n\t\t\t\t<div class=\"elementor-widget-container\">\n\t\t\t\t\t<div class=\"elementor-shortcode\">\t\t<div data-elementor-type=\"single-post\" data-elementor-id=\"4086\" class=\"elementor elementor-4086 elementor-4078\" data-elementor-settings=\"[]\">\n\t\t<div class=\"elementor-section-wrap\">\n\t\t\t\t\t<section class=\"elementor-section elementor-top-section elementor-element elementor-element-b72d889 elementor-section-boxed elementor-section-height-default elementor-section-height-default\" data-id=\"b72d889\" data-element_type=\"section\">\n\t\t\t\t\t\t<div class=\"elementor-container elementor-column-gap-default\">\n\t\t\t\t\t<div class=\"elementor-column elementor-col-100 elementor-top-column elementor-element elementor-element-5b0a3ab\" data-id=\"5b0a3ab\" data-element_type=\"column\">\n\t\t\t<div class=\"elementor-widget-wrap elementor-element-populated\">\n\t\t\t\t\t\t\t\t<div class=\"elementor-element elementor-element-73d7b69 elementor-widget elementor-widget-heading\" data-id=\"73d7b69\" data-element_type=\"widget\" data-widget_type=\"heading.default\">\n\t\t\t\t<div class=\"elementor-widget-container\">\n\t\t\t<h2 class=\"elementor-heading-title elementor-size-default\">Encuentra tu habitaci\u00f3n perfecta...<\/h2>\t\t<\/div>\n\t\t\t\t<\/div>\n\t\t\t\t\t<\/div>\n\t\t<\/div>\n\t\t\t\t\t\t\t<\/div>\n\t\t<\/section>\n\t\t\t\t<section class=\"elementor-section elementor-top-section elementor-element elementor-element-4f62f2d elementor-section-boxed elementor-section-height-default elementor-section-height-default\" data-id=\"4f62f2d\" data-element_type=\"section\">\n\t\t\t\t\t\t<div class=\"elementor-container elementor-column-gap-default\">\n\t\t\t\t\t<div class=\"elementor-column elementor-col-50 elementor-top-column elementor-element elementor-element-76caaef\" data-id=\"76caaef\" data-element_type=\"column\">\n\t\t\t<div class=\"elementor-widget-wrap elementor-element-populated\">\n\t\t\t\t\t\t\t\t<div class=\"elementor-element elementor-element-277abc3 elementor-cta--skin-cover elementor-widget elementor-widget-call-to-action\" data-id=\"277abc3\" data-element_type=\"widget\" data-widget_type=\"call-to-action.default\">\n\t\t\t\t<div class=\"elementor-widget-container\">\n\t\t\t\t\t<div  class=\"elementor-cta\">\n\t\t\t\t\t<div class=\"elementor-cta__bg-wrapper\">\n\t\t\t\t<div class=\"elementor-cta__bg elementor-bg\" style=\"background-image: url(https:\/\/www.musikboutiquehotel.com\/wp-content\/uploads\/2021\/07\/Standard-room-300x225.jpg);\"><\/div>\n\t\t\t\t<div class=\"elementor-cta__bg-overlay\"><\/div>\n\t\t\t<\/div>\n\t\t\t\t\t\t\t<div class=\"elementor-cta__content\">\n\t\t\t\t\n\t\t\t\t\t\t\t\t\t<h2 class=\"elementor-cta__title elementor-cta__content-item elementor-content-item\">\n\t\t\t\t\t\tStandard Room\t\t\t\t\t<\/h2>\n\t\t\t\t\n\t\t\t\t\n\t\t\t\t\t\t\t\t\t<div class=\"elementor-cta__button-wrapper elementor-cta__content-item elementor-content-item \">\n\t\t\t\t\t<a class=\"elementor-cta__button elementor-button elementor-size-sm\" href=\"https:\/\/www.musikboutiquehotel.com\/es\/room\/habitacion-estandar\/\">\n\t\t\t\t\t\tVER M\u00c1S\t\t\t\t\t<\/a>\n\t\t\t\t\t<\/div>\n\t\t\t\t\t\t\t<\/div>\n\t\t\t\t\t\t<\/div>\n\t\t\t\t<\/div>\n\t\t\t\t<\/div>\n\t\t\t\t\t<\/div>\n\t\t<\/div>\n\t\t\t\t<div class=\"elementor-column elementor-col-50 elementor-top-column elementor-element elementor-element-4837743\" data-id=\"4837743\" data-element_type=\"column\">\n\t\t\t<div class=\"elementor-widget-wrap elementor-element-populated\">\n\t\t\t\t\t\t\t\t<div class=\"elementor-element elementor-element-213a060 elementor-cta--skin-cover elementor-widget elementor-widget-call-to-action\" data-id=\"213a060\" data-element_type=\"widget\" data-widget_type=\"call-to-action.default\">\n\t\t\t\t<div class=\"elementor-widget-container\">\n\t\t\t\t\t<div  class=\"elementor-cta\">\n\t\t\t\t\t<div class=\"elementor-cta__bg-wrapper\">\n\t\t\t\t<div class=\"elementor-cta__bg elementor-bg\" style=\"background-image: url(https:\/\/www.musikboutiquehotel.com\/wp-content\/uploads\/2019\/02\/Deluxe-room-stone-decor-300x225.jpg);\"><\/div>\n\t\t\t\t<div class=\"elementor-cta__bg-overlay\"><\/div>\n\t\t\t<\/div>\n\t\t\t\t\t\t\t<div class=\"elementor-cta__content\">\n\t\t\t\t\n\t\t\t\t\t\t\t\t\t<h2 class=\"elementor-cta__title elementor-cta__content-item elementor-content-item\">\n\t\t\t\t\t\tDeluxe Room\t\t\t\t\t<\/h2>\n\t\t\t\t\n\t\t\t\t\n\t\t\t\t\t\t\t\t\t<div class=\"elementor-cta__button-wrapper elementor-cta__content-item elementor-content-item \">\n\t\t\t\t\t<a class=\"elementor-cta__button elementor-button elementor-size-sm\" href=\"https:\/\/www.musikboutiquehotel.com\/es\/room\/boutique-hotel-habitacion-deluxe\/\">\n\t\t\t\t\t\tVER M\u00c1S\t\t\t\t\t<\/a>\n\t\t\t\t\t<\/div>\n\t\t\t\t\t\t\t<\/div>\n\t\t\t\t\t\t<\/div>\n\t\t\t\t<\/div>\n\t\t\t\t<\/div>\n\t\t\t\t\t<\/div>\n\t\t<\/div>\n\t\t\t\t\t\t\t<\/div>\n\t\t<\/section>\n\t\t\t\t<section class=\"elementor-section elementor-top-section elementor-element elementor-element-acc67be elementor-section-boxed elementor-section-height-default elementor-section-height-default\" data-id=\"acc67be\" data-element_type=\"section\">\n\t\t\t\t\t\t<div class=\"elementor-container elementor-column-gap-default\">\n\t\t\t\t\t<div class=\"elementor-column elementor-col-50 elementor-top-column elementor-element elementor-element-dd78217\" data-id=\"dd78217\" data-element_type=\"column\">\n\t\t\t<div class=\"elementor-widget-wrap elementor-element-populated\">\n\t\t\t\t\t\t\t\t<div class=\"elementor-element elementor-element-f82a4f1 elementor-cta--skin-cover elementor-widget elementor-widget-call-to-action\" data-id=\"f82a4f1\" data-element_type=\"widget\" data-widget_type=\"call-to-action.default\">\n\t\t\t\t<div class=\"elementor-widget-container\">\n\t\t\t\t\t<div  class=\"elementor-cta\">\n\t\t\t\t\t<div class=\"elementor-cta__bg-wrapper\">\n\t\t\t\t<div class=\"elementor-cta__bg elementor-bg\" style=\"background-image: url(https:\/\/www.musikboutiquehotel.com\/wp-content\/uploads\/2021\/08\/Junior-Suite-bed-close-up-300x225.jpg);\"><\/div>\n\t\t\t\t<div class=\"elementor-cta__bg-overlay\"><\/div>\n\t\t\t<\/div>\n\t\t\t\t\t\t\t<div class=\"elementor-cta__content\">\n\t\t\t\t\n\t\t\t\t\t\t\t\t\t<h2 class=\"elementor-cta__title elementor-cta__content-item elementor-content-item\">\n\t\t\t\t\t\tJunior Suite\t\t\t\t\t<\/h2>\n\t\t\t\t\n\t\t\t\t\n\t\t\t\t\t\t\t\t\t<div class=\"elementor-cta__button-wrapper elementor-cta__content-item elementor-content-item \">\n\t\t\t\t\t<a class=\"elementor-cta__button elementor-button elementor-size-sm\" href=\"https:\/\/www.musikboutiquehotel.com\/es\/room\/boutique-hotel-junior-suite\/\">\n\t\t\t\t\t\tVER M\u00c1S\t\t\t\t\t<\/a>\n\t\t\t\t\t<\/div>\n\t\t\t\t\t\t\t<\/div>\n\t\t\t\t\t\t<\/div>\n\t\t\t\t<\/div>\n\t\t\t\t<\/div>\n\t\t\t\t\t<\/div>\n\t\t<\/div>\n\t\t\t\t<div class=\"elementor-column elementor-col-50 elementor-top-column elementor-element elementor-element-e4b8ab8\" data-id=\"e4b8ab8\" data-element_type=\"column\">\n\t\t\t<div class=\"elementor-widget-wrap elementor-element-populated\">\n\t\t\t\t\t\t\t\t<div class=\"elementor-element elementor-element-cb8b3da elementor-cta--skin-cover elementor-widget elementor-widget-call-to-action\" data-id=\"cb8b3da\" data-element_type=\"widget\" data-widget_type=\"call-to-action.default\">\n\t\t\t\t<div class=\"elementor-widget-container\">\n\t\t\t\t\t<div  class=\"elementor-cta\">\n\t\t\t\t\t<div class=\"elementor-cta__bg-wrapper\">\n\t\t\t\t<div class=\"elementor-cta__bg elementor-bg\" style=\"background-image: url(https:\/\/www.musikboutiquehotel.com\/wp-content\/uploads\/2021\/08\/Single-room-terrace-1-300x225.jpg);\"><\/div>\n\t\t\t\t<div class=\"elementor-cta__bg-overlay\"><\/div>\n\t\t\t<\/div>\n\t\t\t\t\t\t\t<div class=\"elementor-cta__content\">\n\t\t\t\t\n\t\t\t\t\t\t\t\t\t<h2 class=\"elementor-cta__title elementor-cta__content-item elementor-content-item\">\n\t\t\t\t\t\tSingle Room\t\t\t\t\t<\/h2>\n\t\t\t\t\n\t\t\t\t\n\t\t\t\t\t\t\t\t\t<div class=\"elementor-cta__button-wrapper elementor-cta__content-item elementor-content-item \">\n\t\t\t\t\t<a class=\"elementor-cta__button elementor-button elementor-size-sm\" href=\"https:\/\/www.musikboutiquehotel.com\/es\/room\/boutique-hotel-habitacion-individual\/\">\n\t\t\t\t\t\tVER M\u00c1S\t\t\t\t\t<\/a>\n\t\t\t\t\t<\/div>\n\t\t\t\t\t\t\t<\/div>\n\t\t\t\t\t\t<\/div>\n\t\t\t\t<\/div>\n\t\t\t\t<\/div>\n\t\t\t\t\t<\/div>\n\t\t<\/div>\n\t\t\t\t\t\t\t<\/div>\n\t\t<\/section>\n\t\t\t\t<\/div>\n\t\t<\/div>\n\t\t<\/div>\n\t\t\t\t<\/div>\n\t\t\t\t<\/div>\n\t\t\t\t\t<\/div>\n\t\t<\/div>\n\t\t\t\t\t\t\t<\/div>\n\t\t<\/section>\n\t\t\t\t\t\t<\/div>\n\t\t\t\t\t<\/div>\n\t\t","protected":false},"excerpt":{"rendered":"<p>Barcelona es una ciudad que se vive con los sentidos. Su arquitectura, su ritmo creativo y su identidad mediterr&aacute;nea la convierten en un destino que inspira desde el primer paso. [&hellip;]<\/p>\n","protected":false},"author":1,"featured_media":5210,"comment_status":"open","ping_status":"open","sticky":false,"template":"","format":"standard","meta":{"footnotes":""},"categories":[20],"tags":[],"class_list":["post-4610","post","type-post","status-publish","format-standard","has-post-thumbnail","hentry","category-sin-categorizar"],"yoast_head":"<!-- This site is optimized with the Yoast SEO plugin v16.5 - https:\/\/yoast.com\/wordpress\/plugins\/seo\/ -->\n<title>Todas las obras de Gaud\u00ed en Barcelona| Musik Boutique Hotel<\/title>\n<meta name=\"description\" content=\"Descubra las obras de Gaud\u00ed en Barcelona con una ruta completa por Sagrada Familia, Park G\u00fcell, Casa Batll\u00f3 y m\u00e1s. Gu\u00eda local de Musik Boutique Hotel.\" \/>\n<meta name=\"robots\" content=\"index, follow, max-snippet:-1, max-image-preview:large, max-video-preview:-1\" \/>\n<link rel=\"canonical\" href=\"https:\/\/www.musikboutiquehotel.com\/es\/todas-las-obras-de-gaudi-en-barcelona\/\" \/>\n<meta property=\"og:locale\" content=\"es_ES\" \/>\n<meta property=\"og:type\" content=\"article\" \/>\n<meta property=\"og:title\" content=\"Todas las obras de Gaud\u00ed en Barcelona| Musik Boutique Hotel\" \/>\n<meta property=\"og:description\" content=\"Descubra las obras de Gaud\u00ed en Barcelona con una ruta completa por Sagrada Familia, Park G\u00fcell, Casa Batll\u00f3 y m\u00e1s. Gu\u00eda local de Musik Boutique Hotel.\" \/>\n<meta property=\"og:url\" content=\"https:\/\/www.musikboutiquehotel.com\/es\/todas-las-obras-de-gaudi-en-barcelona\/\" \/>\n<meta property=\"og:site_name\" content=\"musikboutiquehotel.com\" \/>\n<meta property=\"article:published_time\" content=\"2026-01-19T11:13:48+00:00\" \/>\n<meta property=\"article:modified_time\" content=\"2026-04-25T18:56:38+00:00\" \/>\n<meta name=\"twitter:card\" content=\"summary_large_image\" \/>\n<meta name=\"twitter:image\" content=\"https:\/\/www.musikboutiquehotel.com\/wp-content\/uploads\/2026\/01\/sagrada-familia-web-hero-1920x1080-1.webp\" \/>\n<meta name=\"twitter:label1\" content=\"Tiempo de lectura\" \/>\n\t<meta name=\"twitter:data1\" content=\"10 minutos\" \/>\n<script type=\"application\/ld+json\" class=\"yoast-schema-graph\">{\"@context\":\"https:\/\/schema.org\",\"@graph\":[{\"@type\":\"WebSite\",\"@id\":\"https:\/\/www.musikboutiquehotel.com\/es\/#website\",\"url\":\"https:\/\/www.musikboutiquehotel.com\/es\/\",\"name\":\"musikboutiquehotel.com\",\"description\":\"Hotel Rom\\u00e1ntico en Barcelona\",\"potentialAction\":[{\"@type\":\"SearchAction\",\"target\":\"https:\/\/www.musikboutiquehotel.com\/es\/?s={search_term_string}\",\"query-input\":\"required name=search_term_string\"}],\"inLanguage\":\"es\"},{\"@type\":\"ImageObject\",\"@id\":\"https:\/\/www.musikboutiquehotel.com\/es\/todas-las-obras-de-gaudi-en-barcelona\/#primaryimage\",\"inLanguage\":\"es\",\"url\":\"https:\/\/www.musikboutiquehotel.com\/wp-content\/uploads\/2026\/01\/sagrada-familia-web-hero-1920x1080-1.webp\",\"contentUrl\":\"https:\/\/www.musikboutiquehotel.com\/wp-content\/uploads\/2026\/01\/sagrada-familia-web-hero-1920x1080-1.webp\",\"width\":1920,\"height\":1080},{\"@type\":\"WebPage\",\"@id\":\"https:\/\/www.musikboutiquehotel.com\/es\/todas-las-obras-de-gaudi-en-barcelona\/#webpage\",\"url\":\"https:\/\/www.musikboutiquehotel.com\/es\/todas-las-obras-de-gaudi-en-barcelona\/\",\"name\":\"Todas las obras de Gaud\\u00ed en Barcelona| Musik Boutique Hotel\",\"isPartOf\":{\"@id\":\"https:\/\/www.musikboutiquehotel.com\/es\/#website\"},\"primaryImageOfPage\":{\"@id\":\"https:\/\/www.musikboutiquehotel.com\/es\/todas-las-obras-de-gaudi-en-barcelona\/#primaryimage\"},\"datePublished\":\"2026-01-19T11:13:48+00:00\",\"dateModified\":\"2026-04-25T18:56:38+00:00\",\"author\":{\"@id\":\"https:\/\/www.musikboutiquehotel.com\/es\/#\/schema\/person\/af23e7fa0cd699fd6cbd817e3e97e794\"},\"description\":\"Descubra las obras de Gaud\\u00ed en Barcelona con una ruta completa por Sagrada Familia, Park G\\u00fcell, Casa Batll\\u00f3 y m\\u00e1s. Gu\\u00eda local de Musik Boutique Hotel.\",\"breadcrumb\":{\"@id\":\"https:\/\/www.musikboutiquehotel.com\/es\/todas-las-obras-de-gaudi-en-barcelona\/#breadcrumb\"},\"inLanguage\":\"es\",\"potentialAction\":[{\"@type\":\"ReadAction\",\"target\":[\"https:\/\/www.musikboutiquehotel.com\/es\/todas-las-obras-de-gaudi-en-barcelona\/\"]}]},{\"@type\":\"BreadcrumbList\",\"@id\":\"https:\/\/www.musikboutiquehotel.com\/es\/todas-las-obras-de-gaudi-en-barcelona\/#breadcrumb\",\"itemListElement\":[{\"@type\":\"ListItem\",\"position\":1,\"name\":\"Home\",\"item\":\"https:\/\/www.musikboutiquehotel.com\/es\/\"},{\"@type\":\"ListItem\",\"position\":2,\"name\":\"Todas las obras de Gaud\\u00ed en Barcelona\"}]},{\"@type\":\"Person\",\"@id\":\"https:\/\/www.musikboutiquehotel.com\/es\/#\/schema\/person\/af23e7fa0cd699fd6cbd817e3e97e794\",\"name\":\"useradmin\",\"image\":{\"@type\":\"ImageObject\",\"@id\":\"https:\/\/www.musikboutiquehotel.com\/es\/#personlogo\",\"inLanguage\":\"es\",\"url\":\"https:\/\/secure.gravatar.com\/avatar\/4a134b0ee5039de554a4f5788bbcc95f8cb550e84f6610b6a45fd221548ceeef?s=96&d=mm&r=g\",\"contentUrl\":\"https:\/\/secure.gravatar.com\/avatar\/4a134b0ee5039de554a4f5788bbcc95f8cb550e84f6610b6a45fd221548ceeef?s=96&d=mm&r=g\",\"caption\":\"useradmin\"},\"sameAs\":[\"http:\/\/www.musikboutiquehotel.com\"],\"url\":\"https:\/\/www.musikboutiquehotel.com\/es\/author\/useradmin\/\"}]}<\/script>\n<!-- \/ Yoast SEO plugin. -->","_links":{"self":[{"href":"https:\/\/www.musikboutiquehotel.com\/es\/wp-json\/wp\/v2\/posts\/4610","targetHints":{"allow":["GET"]}}],"collection":[{"href":"https:\/\/www.musikboutiquehotel.com\/es\/wp-json\/wp\/v2\/posts"}],"about":[{"href":"https:\/\/www.musikboutiquehotel.com\/es\/wp-json\/wp\/v2\/types\/post"}],"author":[{"embeddable":true,"href":"https:\/\/www.musikboutiquehotel.com\/es\/wp-json\/wp\/v2\/users\/1"}],"replies":[{"embeddable":true,"href":"https:\/\/www.musikboutiquehotel.com\/es\/wp-json\/wp\/v2\/comments?post=4610"}],"version-history":[{"count":7,"href":"https:\/\/www.musikboutiquehotel.com\/es\/wp-json\/wp\/v2\/posts\/4610\/revisions"}],"predecessor-version":[{"id":4668,"href":"https:\/\/www.musikboutiquehotel.com\/es\/wp-json\/wp\/v2\/posts\/4610\/revisions\/4668"}],"wp:featuredmedia":[{"embeddable":true,"href":"https:\/\/www.musikboutiquehotel.com\/es\/wp-json\/wp\/v2\/media\/5210"}],"wp:attachment":[{"href":"https:\/\/www.musikboutiquehotel.com\/es\/wp-json\/wp\/v2\/media?parent=4610"}],"wp:term":[{"taxonomy":"category","embeddable":true,"href":"https:\/\/www.musikboutiquehotel.com\/es\/wp-json\/wp\/v2\/categories?post=4610"},{"taxonomy":"post_tag","embeddable":true,"href":"https:\/\/www.musikboutiquehotel.com\/es\/wp-json\/wp\/v2\/tags?post=4610"}],"curies":[{"name":"wp","href":"https:\/\/api.w.org\/{rel}","templated":true}]}}